{"id":1182,"date":"2022-06-08T15:58:39","date_gmt":"2022-06-08T14:58:39","guid":{"rendered":"https:\/\/www.auteursdetheatre.org\/?p=1182"},"modified":"2022-06-08T15:58:41","modified_gmt":"2022-06-08T14:58:41","slug":"la-fondation-jan-michalski-lance-un-appel-pour-une-residence-decriture","status":"publish","type":"post","link":"https:\/\/auteursdetheatre.org\/?p=1182","title":{"rendered":"La fondation Jan Michalski lance un appel pour une r\u00e9sidence d&rsquo;\u00e9criture !"},"content":{"rendered":"\n<div style=\"height:15px\" aria-hidden=\"true\" class=\"wp-block-spacer\"><\/div>\n\n\n\n<p>La Fondation suisse Jan Michalski d\u00e9fend et soutien l&rsquo;\u00e9criture et la litt\u00e9rature sous plusieurs formes. Elle lance une r\u00e9sidence d&rsquo;\u00e9criture en soutien aux auteur.e.s. <\/p>\n\n\n<div class=\"wp-block-image\">\n<figure class=\"aligncenter size-full is-resized\"><a href=\"https:\/\/i0.wp.com\/www.auteursdetheatre.org\/wp-content\/uploads\/2022\/06\/fondazione-0048-a4-400x.jpg?ssl=1\"><img data-attachment-id=\"1183\" data-permalink=\"https:\/\/auteursdetheatre.org\/?attachment_id=1183\" data-orig-file=\"https:\/\/i0.wp.com\/auteursdetheatre.org\/wp-content\/uploads\/2022\/06\/fondazione-0048-a4-400x.jpg?fit=860%2C1075&amp;ssl=1\" data-orig-size=\"860,1075\" data-comments-opened=\"0\" data-image-meta=\"{&quot;aperture&quot;:&quot;0&quot;,&quot;credit&quot;:&quot;&quot;,&quot;camera&quot;:&quot;&quot;,&quot;caption&quot;:&quot;&quot;,&quot;created_timestamp&quot;:&quot;0&quot;,&quot;copyright&quot;:&quot;&quot;,&quot;focal_length&quot;:&quot;0&quot;,&quot;iso&quot;:&quot;0&quot;,&quot;shutter_speed&quot;:&quot;0&quot;,&quot;title&quot;:&quot;&quot;,&quot;orientation&quot;:&quot;0&quot;}\" data-image-title=\"fondazione-0048-a4-400x\" data-image-description=\"\" data-image-caption=\"\" data-medium-file=\"https:\/\/i0.wp.com\/auteursdetheatre.org\/wp-content\/uploads\/2022\/06\/fondazione-0048-a4-400x.jpg?fit=240%2C300&amp;ssl=1\" data-large-file=\"https:\/\/i0.wp.com\/auteursdetheatre.org\/wp-content\/uploads\/2022\/06\/fondazione-0048-a4-400x.jpg?fit=760%2C950&amp;ssl=1\" decoding=\"async\" loading=\"lazy\" src=\"https:\/\/i0.wp.com\/www.auteursdetheatre.org\/wp-content\/uploads\/2022\/06\/fondazione-0048-a4-400x.jpg?resize=271%2C339&#038;ssl=1\" alt=\"\" class=\"wp-image-1183\" width=\"271\" height=\"339\" data-recalc-dims=\"1\" \/><\/a><figcaption><sup>\u00a9Tonatiuh Ambrosetti <\/sup><br><sup>\u00a9DR Fondation Jan Michalski<\/sup><\/figcaption><\/figure><\/div>\n\n\n<p>Deadline du d\u00e9p\u00f4t des candidatures : 14 Septembre 2022<\/p>\n\n\n\n<p>D\u00e9butant.e.s accept\u00e9.e.s <\/p>\n\n\n\n<div style=\"height:0px\" aria-hidden=\"true\" class=\"wp-block-spacer\"><\/div>\n\n\n\n<p>Pour plus d&rsquo;informations : <a href=\"https:\/\/fondation-janmichalski.com\/fr\/residences\">https:\/\/<\/a><a href=\"https:\/\/fondation-janmichalski.com\/fr\/residences\" target=\"_blank\" rel=\"noreferrer noopener\">fondation<\/a><a href=\"https:\/\/fondation-janmichalski.com\/fr\/residences\">-janmichalski.com\/fr\/residences<\/a><\/p>\n","protected":false},"excerpt":{"rendered":"<p>La Fondation suisse Jan Michalski d\u00e9fend et soutien l&rsquo;\u00e9criture et la litt\u00e9rature sous plusieurs formes. Elle lance une r\u00e9sidence d&rsquo;\u00e9criture en soutien aux auteur.e.s. Deadline du d\u00e9p\u00f4t des candidatures : 14 Septembre 2022 D\u00e9butant.e.s accept\u00e9.e.s Pour plus d&rsquo;informations : https:\/\/fondation-janmichalski.com\/fr\/residences<\/p>\n","protected":false},"author":4,"featured_media":0,"comment_status":"closed","ping_status":"open","sticky":false,"template":"","format":"standard","meta":{"_jetpack_newsletter_access":"","footnotes":""},"categories":[1],"tags":[],"jetpack_featured_media_url":"","jetpack_sharing_enabled":true,"jetpack_shortlink":"https:\/\/wp.me\/p9n5dd-j4","jetpack_likes_enabled":false,"jetpack-related-posts":[],"_links":{"self":[{"href":"https:\/\/auteursdetheatre.org\/index.php?rest_route=\/wp\/v2\/posts\/1182"}],"collection":[{"href":"https:\/\/auteursdetheatre.org\/index.php?rest_route=\/wp\/v2\/posts"}],"about":[{"href":"https:\/\/auteursdetheatre.org\/index.php?rest_route=\/wp\/v2\/types\/post"}],"author":[{"embeddable":true,"href":"https:\/\/auteursdetheatre.org\/index.php?rest_route=\/wp\/v2\/users\/4"}],"replies":[{"embeddable":true,"href":"https:\/\/auteursdetheatre.org\/index.php?rest_route=%2Fwp%2Fv2%2Fcomments&post=1182"}],"version-history":[{"count":1,"href":"https:\/\/auteursdetheatre.org\/index.php?rest_route=\/wp\/v2\/posts\/1182\/revisions"}],"predecessor-version":[{"id":1184,"href":"https:\/\/auteursdetheatre.org\/index.php?rest_route=\/wp\/v2\/posts\/1182\/revisions\/1184"}],"wp:attachment":[{"href":"https:\/\/auteursdetheatre.org\/index.php?rest_route=%2Fwp%2Fv2%2Fmedia&parent=1182"}],"wp:term":[{"taxonomy":"category","embeddable":true,"href":"https:\/\/auteursdetheatre.org\/index.php?rest_route=%2Fwp%2Fv2%2Fcategories&post=1182"},{"taxonomy":"post_tag","embeddable":true,"href":"https:\/\/auteursdetheatre.org\/index.php?rest_route=%2Fwp%2Fv2%2Ftags&post=1182"}],"curies":[{"name":"wp","href":"https:\/\/api.w.org\/{rel}","templated":true}]}}