{"id":1624,"date":"2023-04-26T11:18:53","date_gmt":"2023-04-26T10:18:53","guid":{"rendered":"https:\/\/www.auteursdetheatre.org\/?p=1624"},"modified":"2023-07-19T12:29:28","modified_gmt":"2023-07-19T11:29:28","slug":"les-contemporaines-prennent-lair","status":"publish","type":"post","link":"https:\/\/auteursdetheatre.org\/?p=1624","title":{"rendered":"Les Contemporaines prennent l&rsquo;air"},"content":{"rendered":"\n<p>2e \u00e9dition du festival Les contemporaines <\/p>\n\n\n<div class=\"wp-block-image\">\n<figure class=\"aligncenter size-large is-resized\"><a href=\"https:\/\/i0.wp.com\/www.auteursdetheatre.org\/wp-content\/uploads\/2023\/05\/LogoHD-bordures-fines-.png?ssl=1\"><img data-attachment-id=\"1640\" data-permalink=\"https:\/\/auteursdetheatre.org\/?attachment_id=1640\" data-orig-file=\"https:\/\/i0.wp.com\/auteursdetheatre.org\/wp-content\/uploads\/2023\/05\/LogoHD-bordures-fines-.png?fit=1488%2C1539&amp;ssl=1\" data-orig-size=\"1488,1539\" data-comments-opened=\"0\" data-image-meta=\"{&quot;aperture&quot;:&quot;0&quot;,&quot;credit&quot;:&quot;&quot;,&quot;camera&quot;:&quot;&quot;,&quot;caption&quot;:&quot;&quot;,&quot;created_timestamp&quot;:&quot;0&quot;,&quot;copyright&quot;:&quot;&quot;,&quot;focal_length&quot;:&quot;0&quot;,&quot;iso&quot;:&quot;0&quot;,&quot;shutter_speed&quot;:&quot;0&quot;,&quot;title&quot;:&quot;&quot;,&quot;orientation&quot;:&quot;0&quot;}\" data-image-title=\"LogoHD-bordures-fines-\" data-image-description=\"\" data-image-caption=\"\" data-medium-file=\"https:\/\/i0.wp.com\/auteursdetheatre.org\/wp-content\/uploads\/2023\/05\/LogoHD-bordures-fines-.png?fit=290%2C300&amp;ssl=1\" data-large-file=\"https:\/\/i0.wp.com\/auteursdetheatre.org\/wp-content\/uploads\/2023\/05\/LogoHD-bordures-fines-.png?fit=760%2C786&amp;ssl=1\" decoding=\"async\" loading=\"lazy\" src=\"https:\/\/i0.wp.com\/www.auteursdetheatre.org\/wp-content\/uploads\/2023\/05\/LogoHD-bordures-fines--990x1024.png?resize=441%2C456&#038;ssl=1\" alt=\"\" class=\"wp-image-1640\" width=\"441\" height=\"456\" srcset=\"https:\/\/i0.wp.com\/auteursdetheatre.org\/wp-content\/uploads\/2023\/05\/LogoHD-bordures-fines-.png?resize=990%2C1024&amp;ssl=1 990w, https:\/\/i0.wp.com\/auteursdetheatre.org\/wp-content\/uploads\/2023\/05\/LogoHD-bordures-fines-.png?resize=290%2C300&amp;ssl=1 290w, https:\/\/i0.wp.com\/auteursdetheatre.org\/wp-content\/uploads\/2023\/05\/LogoHD-bordures-fines-.png?resize=768%2C794&amp;ssl=1 768w, https:\/\/i0.wp.com\/auteursdetheatre.org\/wp-content\/uploads\/2023\/05\/LogoHD-bordures-fines-.png?resize=1485%2C1536&amp;ssl=1 1485w, https:\/\/i0.wp.com\/auteursdetheatre.org\/wp-content\/uploads\/2023\/05\/LogoHD-bordures-fines-.png?resize=338%2C350&amp;ssl=1 338w, https:\/\/i0.wp.com\/auteursdetheatre.org\/wp-content\/uploads\/2023\/05\/LogoHD-bordures-fines-.png?w=1488&amp;ssl=1 1488w\" sizes=\"(max-width: 441px) 100vw, 441px\" data-recalc-dims=\"1\" \/><\/a><\/figure><\/div>\n\n\n<div style=\"height:26px\" aria-hidden=\"true\" class=\"wp-block-spacer\"><\/div>\n\n\n\n<p class=\"has-text-align-center\">Festival d\u2019\u00e9critures contemporaines francophones en m\u00e9tropole lyonnaise<\/p>\n\n\n\n<div style=\"height:26px\" aria-hidden=\"true\" class=\"wp-block-spacer\"><\/div>\n\n\n\n<div style=\"height:1px\" aria-hidden=\"true\" class=\"wp-block-spacer\"><\/div>\n\n\n\n<h2 class=\"wp-block-heading has-text-align-center\"><strong><mark style=\"background-color:rgba(0, 0, 0, 0);color:#fb0170\" class=\"has-inline-color\">DU 22 MAI AU 02 JUIN 2023<\/mark><\/strong><\/h2>\n\n\n\n<div style=\"height:11px\" aria-hidden=\"true\" class=\"wp-block-spacer\"><\/div>\n\n\n\n<ul class=\"wp-block-social-links aligncenter has-normal-icon-size is-style-default is-content-justification-center is-layout-flex wp-container-1 wp-block-social-links-is-layout-flex\"><li class=\"wp-social-link wp-social-link-facebook  wp-block-social-link\"><a rel=\" noopener nofollow\" target=\"_blank\" href=\"https:\/\/www.facebook.com\/FestivalLesContemporaines\" class=\"wp-block-social-link-anchor\"><svg width=\"24\" height=\"24\" viewBox=\"0 0 24 24\" version=\"1.1\" xmlns=\"http:\/\/www.w3.org\/2000\/svg\" aria-hidden=\"true\" focusable=\"false\"><path d=\"M12 2C6.5 2 2 6.5 2 12c0 5 3.7 9.1 8.4 9.9v-7H7.9V12h2.5V9.8c0-2.5 1.5-3.9 3.8-3.9 1.1 0 2.2.2 2.2.2v2.5h-1.3c-1.2 0-1.6.8-1.6 1.6V12h2.8l-.4 2.9h-2.3v7C18.3 21.1 22 17 22 12c0-5.5-4.5-10-10-10z\"><\/path><\/svg><span class=\"wp-block-social-link-label screen-reader-text\">Facebook<\/span><\/a><\/li>\n\n<li class=\"wp-social-link wp-social-link-instagram  wp-block-social-link\"><a rel=\" noopener nofollow\" target=\"_blank\" href=\"https:\/\/www.instagram.com\/festival_les_contemporaines\/\" class=\"wp-block-social-link-anchor\"><svg width=\"24\" height=\"24\" viewBox=\"0 0 24 24\" version=\"1.1\" xmlns=\"http:\/\/www.w3.org\/2000\/svg\" aria-hidden=\"true\" focusable=\"false\"><path d=\"M12,4.622c2.403,0,2.688,0.009,3.637,0.052c0.877,0.04,1.354,0.187,1.671,0.31c0.42,0.163,0.72,0.358,1.035,0.673 c0.315,0.315,0.51,0.615,0.673,1.035c0.123,0.317,0.27,0.794,0.31,1.671c0.043,0.949,0.052,1.234,0.052,3.637 s-0.009,2.688-0.052,3.637c-0.04,0.877-0.187,1.354-0.31,1.671c-0.163,0.42-0.358,0.72-0.673,1.035 c-0.315,0.315-0.615,0.51-1.035,0.673c-0.317,0.123-0.794,0.27-1.671,0.31c-0.949,0.043-1.233,0.052-3.637,0.052 s-2.688-0.009-3.637-0.052c-0.877-0.04-1.354-0.187-1.671-0.31c-0.42-0.163-0.72-0.358-1.035-0.673 c-0.315-0.315-0.51-0.615-0.673-1.035c-0.123-0.317-0.27-0.794-0.31-1.671C4.631,14.688,4.622,14.403,4.622,12 s0.009-2.688,0.052-3.637c0.04-0.877,0.187-1.354,0.31-1.671c0.163-0.42,0.358-0.72,0.673-1.035 c0.315-0.315,0.615-0.51,1.035-0.673c0.317-0.123,0.794-0.27,1.671-0.31C9.312,4.631,9.597,4.622,12,4.622 M12,3 C9.556,3,9.249,3.01,8.289,3.054C7.331,3.098,6.677,3.25,6.105,3.472C5.513,3.702,5.011,4.01,4.511,4.511 c-0.5,0.5-0.808,1.002-1.038,1.594C3.25,6.677,3.098,7.331,3.054,8.289C3.01,9.249,3,9.556,3,12c0,2.444,0.01,2.751,0.054,3.711 c0.044,0.958,0.196,1.612,0.418,2.185c0.23,0.592,0.538,1.094,1.038,1.594c0.5,0.5,1.002,0.808,1.594,1.038 c0.572,0.222,1.227,0.375,2.185,0.418C9.249,20.99,9.556,21,12,21s2.751-0.01,3.711-0.054c0.958-0.044,1.612-0.196,2.185-0.418 c0.592-0.23,1.094-0.538,1.594-1.038c0.5-0.5,0.808-1.002,1.038-1.594c0.222-0.572,0.375-1.227,0.418-2.185 C20.99,14.751,21,14.444,21,12s-0.01-2.751-0.054-3.711c-0.044-0.958-0.196-1.612-0.418-2.185c-0.23-0.592-0.538-1.094-1.038-1.594 c-0.5-0.5-1.002-0.808-1.594-1.038c-0.572-0.222-1.227-0.375-2.185-0.418C14.751,3.01,14.444,3,12,3L12,3z M12,7.378 c-2.552,0-4.622,2.069-4.622,4.622S9.448,16.622,12,16.622s4.622-2.069,4.622-4.622S14.552,7.378,12,7.378z M12,15 c-1.657,0-3-1.343-3-3s1.343-3,3-3s3,1.343,3,3S13.657,15,12,15z M16.804,6.116c-0.596,0-1.08,0.484-1.08,1.08 s0.484,1.08,1.08,1.08c0.596,0,1.08-0.484,1.08-1.08S17.401,6.116,16.804,6.116z\"><\/path><\/svg><span class=\"wp-block-social-link-label screen-reader-text\">Instagram<\/span><\/a><\/li><\/ul>\n\n\n\n<div class=\"wp-block-buttons is-content-justification-center is-layout-flex wp-container-2 wp-block-buttons-is-layout-flex\">\n<div class=\"wp-block-button is-style-outline\"><a class=\"wp-block-button__link has-text-color has-background has-text-align-center wp-element-button\" href=\"https:\/\/www.auteursdetheatre.org\/wp-content\/uploads\/2023\/07\/VD-LC_BROCHURE_MAQUETTE_2023_V3_NUM.pdf\" style=\"color:#fa0091;background-color:#000000c7\" target=\"_blank\" rel=\"noreferrer noopener\">TELECHARGER LA BROCHURE<\/a><\/div>\n<\/div>\n\n\n\n<div style=\"height:22px\" aria-hidden=\"true\" class=\"wp-block-spacer\"><\/div>\n\n\n\n<hr class=\"wp-block-separator has-alpha-channel-opacity\"\/>\n\n\n\n<h2 class=\"wp-block-heading\"><strong><mark><mark style=\"background-color:rgba(0, 0, 0, 0);color:#ff00b7\" class=\"has-inline-color\">Le Festival<\/mark><\/mark><\/strong><\/h2>\n\n\n\n<div style=\"height:6px\" aria-hidden=\"true\" class=\"wp-block-spacer\"><\/div>\n\n\n\n<h4 class=\"wp-block-heading\"><strong>La gen\u00e8se de l\u2019\u00e9v\u00e8nement<\/strong><\/h4>\n\n\n\n<p>Les Journ\u00e9es de Lyon des Auteurs de Th\u00e9\u00e2tre (JLAT) et<a href=\"https:\/\/www.enactes.org\/les-contemporaines\/\" target=\"_blank\" rel=\"noreferrer noopener\">&nbsp;Le Festival EN ACTE(S)&nbsp;<\/a>s\u2019associent pour la cr\u00e9ation d\u2019un temps fort d\u00e9di\u00e9 aux \u00e9critures dramatiques francophones :&nbsp;<strong>Les Contemporaines<\/strong>. Pour nos deux \u00e9quipes dont l\u2019objectif est d\u2019accompagner les autrices dramatiques dans toutes les dimensions de leur m\u00e9tier, la cr\u00e9ation d\u2019un \u00e9v\u00e9nement commun s\u2019est impos\u00e9e comme une \u00e9vidence.<\/p>\n\n\n\n<p>Pendant quinze jours, c\u2019est plus d\u2019une centaine d\u2019auteur\u00b7e\u00b7s et artistes francophones qui vont investir les espaces de la m\u00e9tropole lyonnaise : La Villa Gillet, Le parc de la Cerisaie, la M\u00e9diath\u00e8que de Vaise, le Lyc\u00e9e St Exup\u00e9ry, pour faire entendre les \u00e9critures du pr\u00e9sent.<\/p>\n\n\n\n<p><\/p>\n\n\n\n<h4 class=\"wp-block-heading\"><strong>Au programme<\/strong><\/h4>\n\n\n\n<p>2 pr\u00e9-lab et 5 lectures mises en espace, des rencontres et ateliers\u2026<\/p>\n\n\n\n<div style=\"height:11px\" aria-hidden=\"true\" class=\"wp-block-spacer\"><\/div>\n\n\n\n<hr class=\"wp-block-separator has-alpha-channel-opacity\"\/>\n\n\n\n<h2 class=\"wp-block-heading\"><mark style=\"background-color:rgba(0, 0, 0, 0);color:#fb0192\" class=\"has-inline-color\">L&rsquo;Agenda <\/mark><\/h2>\n\n\n\n<figure class=\"wp-block-image size-large\"><a href=\"https:\/\/i0.wp.com\/www.auteursdetheatre.org\/wp-content\/uploads\/2023\/05\/Calendrier.pdf-1.png?ssl=1\"><img data-attachment-id=\"1635\" data-permalink=\"https:\/\/auteursdetheatre.org\/?attachment_id=1635\" data-orig-file=\"https:\/\/i0.wp.com\/auteursdetheatre.org\/wp-content\/uploads\/2023\/05\/Calendrier.pdf-1.png?fit=2000%2C1612&amp;ssl=1\" data-orig-size=\"2000,1612\" data-comments-opened=\"0\" data-image-meta=\"{&quot;aperture&quot;:&quot;0&quot;,&quot;credit&quot;:&quot;&quot;,&quot;camera&quot;:&quot;&quot;,&quot;caption&quot;:&quot;&quot;,&quot;created_timestamp&quot;:&quot;0&quot;,&quot;copyright&quot;:&quot;&quot;,&quot;focal_length&quot;:&quot;0&quot;,&quot;iso&quot;:&quot;0&quot;,&quot;shutter_speed&quot;:&quot;0&quot;,&quot;title&quot;:&quot;&quot;,&quot;orientation&quot;:&quot;0&quot;}\" data-image-title=\"Calendrier.pdf-1\" data-image-description=\"\" data-image-caption=\"\" data-medium-file=\"https:\/\/i0.wp.com\/auteursdetheatre.org\/wp-content\/uploads\/2023\/05\/Calendrier.pdf-1.png?fit=300%2C242&amp;ssl=1\" data-large-file=\"https:\/\/i0.wp.com\/auteursdetheatre.org\/wp-content\/uploads\/2023\/05\/Calendrier.pdf-1.png?fit=760%2C612&amp;ssl=1\" decoding=\"async\" loading=\"lazy\" width=\"760\" height=\"612\" src=\"https:\/\/i0.wp.com\/www.auteursdetheatre.org\/wp-content\/uploads\/2023\/05\/Calendrier.pdf-1-1024x825.png?resize=760%2C612&#038;ssl=1\" alt=\"\" class=\"wp-image-1635\" srcset=\"https:\/\/i0.wp.com\/auteursdetheatre.org\/wp-content\/uploads\/2023\/05\/Calendrier.pdf-1.png?resize=1024%2C825&amp;ssl=1 1024w, https:\/\/i0.wp.com\/auteursdetheatre.org\/wp-content\/uploads\/2023\/05\/Calendrier.pdf-1.png?resize=300%2C242&amp;ssl=1 300w, https:\/\/i0.wp.com\/auteursdetheatre.org\/wp-content\/uploads\/2023\/05\/Calendrier.pdf-1.png?resize=768%2C619&amp;ssl=1 768w, https:\/\/i0.wp.com\/auteursdetheatre.org\/wp-content\/uploads\/2023\/05\/Calendrier.pdf-1.png?resize=1536%2C1238&amp;ssl=1 1536w, https:\/\/i0.wp.com\/auteursdetheatre.org\/wp-content\/uploads\/2023\/05\/Calendrier.pdf-1.png?resize=350%2C282&amp;ssl=1 350w, https:\/\/i0.wp.com\/auteursdetheatre.org\/wp-content\/uploads\/2023\/05\/Calendrier.pdf-1.png?w=2000&amp;ssl=1 2000w\" sizes=\"(max-width: 760px) 100vw, 760px\" data-recalc-dims=\"1\" \/><\/a><\/figure>\n\n\n\n<div class=\"wp-block-buttons is-content-justification-center is-layout-flex wp-container-3 wp-block-buttons-is-layout-flex\">\n<div class=\"wp-block-button\"><a class=\"wp-block-button__link wp-element-button\" href=\"https:\/\/www.auteursdetheatre.org\/?page_id=1084\" target=\"_blank\" rel=\"noreferrer noopener\">Plus d&rsquo;informations sur le festival<\/a><\/div>\n<\/div>\n\n\n\n<h2 class=\"wp-block-heading\"><strong><mark style=\"background-color:rgba(0, 0, 0, 0)\" class=\"has-inline-color has-pale-pink-color\"><\/mark><\/strong><\/h2>\n\n\n\n<hr class=\"wp-block-separator has-alpha-channel-opacity\"\/>\n\n\n\n<h2 class=\"wp-block-heading has-text-align-center\"><strong><mark style=\"background-color:rgba(0, 0, 0, 0);color:#fb0192\" class=\"has-inline-color\">Retrouvez Le Festival Les Contemporaines sur les r\u00e9seaux sociaux !<\/mark><\/strong><\/h2>\n\n\n\n<ul class=\"wp-block-social-links aligncenter has-normal-icon-size is-style-default is-layout-flex wp-block-social-links-is-layout-flex\"><li class=\"wp-social-link wp-social-link-instagram  wp-block-social-link\"><a href=\"https:\/\/www.instagram.com\/festival_les_contemporaines\/\" class=\"wp-block-social-link-anchor\"><svg width=\"24\" height=\"24\" viewBox=\"0 0 24 24\" version=\"1.1\" xmlns=\"http:\/\/www.w3.org\/2000\/svg\" aria-hidden=\"true\" focusable=\"false\"><path d=\"M12,4.622c2.403,0,2.688,0.009,3.637,0.052c0.877,0.04,1.354,0.187,1.671,0.31c0.42,0.163,0.72,0.358,1.035,0.673 c0.315,0.315,0.51,0.615,0.673,1.035c0.123,0.317,0.27,0.794,0.31,1.671c0.043,0.949,0.052,1.234,0.052,3.637 s-0.009,2.688-0.052,3.637c-0.04,0.877-0.187,1.354-0.31,1.671c-0.163,0.42-0.358,0.72-0.673,1.035 c-0.315,0.315-0.615,0.51-1.035,0.673c-0.317,0.123-0.794,0.27-1.671,0.31c-0.949,0.043-1.233,0.052-3.637,0.052 s-2.688-0.009-3.637-0.052c-0.877-0.04-1.354-0.187-1.671-0.31c-0.42-0.163-0.72-0.358-1.035-0.673 c-0.315-0.315-0.51-0.615-0.673-1.035c-0.123-0.317-0.27-0.794-0.31-1.671C4.631,14.688,4.622,14.403,4.622,12 s0.009-2.688,0.052-3.637c0.04-0.877,0.187-1.354,0.31-1.671c0.163-0.42,0.358-0.72,0.673-1.035 c0.315-0.315,0.615-0.51,1.035-0.673c0.317-0.123,0.794-0.27,1.671-0.31C9.312,4.631,9.597,4.622,12,4.622 M12,3 C9.556,3,9.249,3.01,8.289,3.054C7.331,3.098,6.677,3.25,6.105,3.472C5.513,3.702,5.011,4.01,4.511,4.511 c-0.5,0.5-0.808,1.002-1.038,1.594C3.25,6.677,3.098,7.331,3.054,8.289C3.01,9.249,3,9.556,3,12c0,2.444,0.01,2.751,0.054,3.711 c0.044,0.958,0.196,1.612,0.418,2.185c0.23,0.592,0.538,1.094,1.038,1.594c0.5,0.5,1.002,0.808,1.594,1.038 c0.572,0.222,1.227,0.375,2.185,0.418C9.249,20.99,9.556,21,12,21s2.751-0.01,3.711-0.054c0.958-0.044,1.612-0.196,2.185-0.418 c0.592-0.23,1.094-0.538,1.594-1.038c0.5-0.5,0.808-1.002,1.038-1.594c0.222-0.572,0.375-1.227,0.418-2.185 C20.99,14.751,21,14.444,21,12s-0.01-2.751-0.054-3.711c-0.044-0.958-0.196-1.612-0.418-2.185c-0.23-0.592-0.538-1.094-1.038-1.594 c-0.5-0.5-1.002-0.808-1.594-1.038c-0.572-0.222-1.227-0.375-2.185-0.418C14.751,3.01,14.444,3,12,3L12,3z M12,7.378 c-2.552,0-4.622,2.069-4.622,4.622S9.448,16.622,12,16.622s4.622-2.069,4.622-4.622S14.552,7.378,12,7.378z M12,15 c-1.657,0-3-1.343-3-3s1.343-3,3-3s3,1.343,3,3S13.657,15,12,15z M16.804,6.116c-0.596,0-1.08,0.484-1.08,1.08 s0.484,1.08,1.08,1.08c0.596,0,1.08-0.484,1.08-1.08S17.401,6.116,16.804,6.116z\"><\/path><\/svg><span class=\"wp-block-social-link-label screen-reader-text\">Instagram<\/span><\/a><\/li>\n\n<li class=\"wp-social-link wp-social-link-facebook  wp-block-social-link\"><a href=\"https:\/\/www.facebook.com\/FestivalLesContemporaines\" class=\"wp-block-social-link-anchor\"><svg width=\"24\" height=\"24\" viewBox=\"0 0 24 24\" version=\"1.1\" xmlns=\"http:\/\/www.w3.org\/2000\/svg\" aria-hidden=\"true\" focusable=\"false\"><path d=\"M12 2C6.5 2 2 6.5 2 12c0 5 3.7 9.1 8.4 9.9v-7H7.9V12h2.5V9.8c0-2.5 1.5-3.9 3.8-3.9 1.1 0 2.2.2 2.2.2v2.5h-1.3c-1.2 0-1.6.8-1.6 1.6V12h2.8l-.4 2.9h-2.3v7C18.3 21.1 22 17 22 12c0-5.5-4.5-10-10-10z\"><\/path><\/svg><span class=\"wp-block-social-link-label screen-reader-text\">Facebook<\/span><\/a><\/li><\/ul>\n","protected":false},"excerpt":{"rendered":"<p>2e \u00e9dition du festival Les contemporaines Festival d\u2019\u00e9critures contemporaines francophones en m\u00e9tropole lyonnaise DU 22 MAI AU 02 JUIN 2023 Le Festival La gen\u00e8se de l\u2019\u00e9v\u00e8nement Les Journ\u00e9es de Lyon des Auteurs de Th\u00e9\u00e2tre (JLAT) et&nbsp;Le Festival EN ACTE(S)&nbsp;s\u2019associent pour la cr\u00e9ation d\u2019un temps fort d\u00e9di\u00e9 aux \u00e9critures dramatiques francophones :&nbsp;Les Contemporaines. Pour nos deux [&hellip;]<\/p>\n","protected":false},"author":4,"featured_media":0,"comment_status":"closed","ping_status":"open","sticky":false,"template":"","format":"standard","meta":{"_jetpack_newsletter_access":"","footnotes":""},"categories":[1],"tags":[],"jetpack_featured_media_url":"","jetpack_sharing_enabled":true,"jetpack_shortlink":"https:\/\/wp.me\/p9n5dd-qc","jetpack_likes_enabled":false,"jetpack-related-posts":[],"_links":{"self":[{"href":"https:\/\/auteursdetheatre.org\/index.php?rest_route=\/wp\/v2\/posts\/1624"}],"collection":[{"href":"https:\/\/auteursdetheatre.org\/index.php?rest_route=\/wp\/v2\/posts"}],"about":[{"href":"https:\/\/auteursdetheatre.org\/index.php?rest_route=\/wp\/v2\/types\/post"}],"author":[{"embeddable":true,"href":"https:\/\/auteursdetheatre.org\/index.php?rest_route=\/wp\/v2\/users\/4"}],"replies":[{"embeddable":true,"href":"https:\/\/auteursdetheatre.org\/index.php?rest_route=%2Fwp%2Fv2%2Fcomments&post=1624"}],"version-history":[{"count":10,"href":"https:\/\/auteursdetheatre.org\/index.php?rest_route=\/wp\/v2\/posts\/1624\/revisions"}],"predecessor-version":[{"id":1653,"href":"https:\/\/auteursdetheatre.org\/index.php?rest_route=\/wp\/v2\/posts\/1624\/revisions\/1653"}],"wp:attachment":[{"href":"https:\/\/auteursdetheatre.org\/index.php?rest_route=%2Fwp%2Fv2%2Fmedia&parent=1624"}],"wp:term":[{"taxonomy":"category","embeddable":true,"href":"https:\/\/auteursdetheatre.org\/index.php?rest_route=%2Fwp%2Fv2%2Fcategories&post=1624"},{"taxonomy":"post_tag","embeddable":true,"href":"https:\/\/auteursdetheatre.org\/index.php?rest_route=%2Fwp%2Fv2%2Ftags&post=1624"}],"curies":[{"name":"wp","href":"https:\/\/api.w.org\/{rel}","templated":true}]}}