{"id":1657,"date":"2023-07-26T09:52:28","date_gmt":"2023-07-26T08:52:28","guid":{"rendered":"https:\/\/www.auteursdetheatre.org\/?p=1657"},"modified":"2023-07-26T09:52:31","modified_gmt":"2023-07-26T08:52:31","slug":"la-recolte-n5","status":"publish","type":"post","link":"https:\/\/auteursdetheatre.org\/?p=1657","title":{"rendered":"LA R\u00c9COLTE N\u00b05"},"content":{"rendered":"\n<div class=\"wp-block-media-text alignwide is-stacked-on-mobile\"><figure class=\"wp-block-media-text__media\"><img data-attachment-id=\"1658\" data-permalink=\"https:\/\/auteursdetheatre.org\/?attachment_id=1658\" data-orig-file=\"https:\/\/i0.wp.com\/auteursdetheatre.org\/wp-content\/uploads\/2023\/07\/visuel-n\u00b05.jpg?fit=322%2C365&amp;ssl=1\" data-orig-size=\"322,365\" data-comments-opened=\"0\" data-image-meta=\"{&quot;aperture&quot;:&quot;0&quot;,&quot;credit&quot;:&quot;&quot;,&quot;camera&quot;:&quot;&quot;,&quot;caption&quot;:&quot;&quot;,&quot;created_timestamp&quot;:&quot;0&quot;,&quot;copyright&quot;:&quot;&quot;,&quot;focal_length&quot;:&quot;0&quot;,&quot;iso&quot;:&quot;0&quot;,&quot;shutter_speed&quot;:&quot;0&quot;,&quot;title&quot;:&quot;&quot;,&quot;orientation&quot;:&quot;0&quot;}\" data-image-title=\"visuel-n\u00b05\" data-image-description=\"\" data-image-caption=\"\" data-medium-file=\"https:\/\/i0.wp.com\/auteursdetheatre.org\/wp-content\/uploads\/2023\/07\/visuel-n\u00b05.jpg?fit=265%2C300&amp;ssl=1\" data-large-file=\"https:\/\/i0.wp.com\/auteursdetheatre.org\/wp-content\/uploads\/2023\/07\/visuel-n\u00b05.jpg?fit=322%2C365&amp;ssl=1\" decoding=\"async\" loading=\"lazy\" width=\"322\" height=\"365\" src=\"https:\/\/i0.wp.com\/www.auteursdetheatre.org\/wp-content\/uploads\/2023\/07\/visuel-n\u00b05.jpg?resize=322%2C365&#038;ssl=1\" alt=\"\" class=\"wp-image-1658 size-full\" data-recalc-dims=\"1\"\/><\/figure><div class=\"wp-block-media-text__content\">\n<p class=\"has-text-align-left\">\u00c0 d\u00e9couvrir dans ce cinqui\u00e8me num\u00e9ro :<br>&#8211; De larges extraits de huit pi\u00e8ces in\u00e9dites de Julie AMINTHE, Cl\u00e9mence ATTAR, Davide CARNEVALI, Julien GUYOMARD, Victor INISAN, Rolaphton MERCURE, Lydie TAMISIER, Azilys TANNEAU.<br>&#8211; Une ouverture de M\u00e9tie NAVAJO.<br>&#8211; Une r\u00e9flexion sur les \u00e9critures th\u00e9\u00e2trales confi\u00e9e au collectif Lumi\u00e8re d\u2019ao\u00fbt.<\/p>\n\n\n\n<p class=\"has-text-align-center\">Comit\u00e9 invit\u00e9 pour cette \u00e9dition : <a href=\"https:\/\/www.theatredurondpoint.fr\/le-rond-point-des-auteurs-vivants\/comite-de-lecture-deposer-un-texte\/\">Th\u00e9\u00e2tre du Rond-Point<\/a><\/p>\n<\/div><\/div>\n\n\n\n<p><strong>La R\u00e9colte<\/strong>, ce sont huit comit\u00e9s de lecture permanents qui s\u2019associent pour cr\u00e9er une revue annuelle promouvant les \u00e9critures th\u00e9\u00e2trales et leurs relations aux questions soci\u00e9tales d\u2019aujourd\u2019hui, sous forme de huit cahiers croisant textes, entretiens et contributions d\u2019auteurs, d\u2019autrices, essayistes, scientifiques, artistes plasticiens, peintres et photographes.<\/p>\n\n\n\n<p><strong>Comit\u00e9 \u00e9ditorial<\/strong> l le collectif <a href=\"http:\/\/www.amotsdecouverts.fr\/\" target=\"_blank\" rel=\"noreferrer noopener\">\u00e0 mots d\u00e9couverts<\/a>, la <a href=\"https:\/\/www.comediedecaen.com\/\" target=\"_blank\" rel=\"noreferrer noopener\">Com\u00e9die de Caen \u2013 CDN de Normandie<\/a>, <a href=\"https:\/\/www.auteursdetheatre.org\/\" target=\"_blank\" rel=\"noreferrer noopener\">les Journ\u00e9es de Lyon des Auteurs de Th\u00e9\u00e2tre<\/a>, <a href=\"https:\/\/texteencours.wordpress.com\/\" target=\"_blank\" rel=\"noreferrer noopener\">Texte en Cours<\/a>, le <a href=\"http:\/\/www.theatre-tete-noire.com\/ecritures\/7\/comite-de-lecture\" target=\"_blank\" rel=\"noreferrer noopener\">Th\u00e9\u00e2tre de la T\u00eate Noire<\/a>, le <a href=\"https:\/\/www.theatre-ephemere.fr\/comite-de-lecture\/\" target=\"_blank\" rel=\"noreferrer noopener\">Th\u00e9\u00e2tre de l\u2019\u00c9ph\u00e9m\u00e8re<\/a>, le <a href=\"http:\/\/www.troisiemebureau.com\/qui-sommes-nous\/\" target=\"_blank\" rel=\"noreferrer noopener\">collectif Troisi\u00e8me bureau<\/a><\/p>\n\n\n\n<p><strong>Num\u00e9ro disponible en librairie<\/strong>&nbsp;l Diffusion Th\u00e9\u00e2diff \u2013 theadiff@editionstheatrales.fr<br><strong>Ou \u00e0 commander en ligne <\/strong>sur la page <a href=\"https:\/\/www.facebook.com\/larecoltelarevue\/\"><strong>Facebook<\/strong><\/a> de la revue.<\/p>\n\n\n\n<p><strong>Site internet de la revue pour plus d&rsquo;informations<\/strong> : <a rel=\"noreferrer noopener\" href=\"https:\/\/larecolte.net\/\" target=\"_blank\">https:\/\/larecolte.net\/ <\/a><\/p>\n\n\n\n<hr class=\"wp-block-separator has-alpha-channel-opacity\"\/>\n\n\n\n<p>>> Lancement de la revue, lectures et rencontres avec les auteur.e.s \u00e0 Avignon le 11 &amp; 12 Juillet 2023 \u00e0 La Chartreuse de Villeneuve lez Avignon et \u00e0 la maison Jean Vilar.&lt;&lt;<\/p>\n","protected":false},"excerpt":{"rendered":"<p>\u00c0 d\u00e9couvrir dans ce cinqui\u00e8me num\u00e9ro :&#8211; De larges extraits de huit pi\u00e8ces in\u00e9dites de Julie AMINTHE, Cl\u00e9mence ATTAR, Davide CARNEVALI, Julien GUYOMARD, Victor INISAN, Rolaphton MERCURE, Lydie TAMISIER, Azilys TANNEAU.&#8211; Une ouverture de M\u00e9tie NAVAJO.&#8211; Une r\u00e9flexion sur les \u00e9critures th\u00e9\u00e2trales confi\u00e9e au collectif Lumi\u00e8re d\u2019ao\u00fbt. Comit\u00e9 invit\u00e9 pour cette \u00e9dition : Th\u00e9\u00e2tre du [&hellip;]<\/p>\n","protected":false},"author":4,"featured_media":0,"comment_status":"closed","ping_status":"open","sticky":false,"template":"","format":"standard","meta":{"_jetpack_newsletter_access":"","footnotes":""},"categories":[1],"tags":[],"jetpack_featured_media_url":"","jetpack_sharing_enabled":true,"jetpack_shortlink":"https:\/\/wp.me\/p9n5dd-qJ","jetpack_likes_enabled":false,"jetpack-related-posts":[],"_links":{"self":[{"href":"https:\/\/auteursdetheatre.org\/index.php?rest_route=\/wp\/v2\/posts\/1657"}],"collection":[{"href":"https:\/\/auteursdetheatre.org\/index.php?rest_route=\/wp\/v2\/posts"}],"about":[{"href":"https:\/\/auteursdetheatre.org\/index.php?rest_route=\/wp\/v2\/types\/post"}],"author":[{"embeddable":true,"href":"https:\/\/auteursdetheatre.org\/index.php?rest_route=\/wp\/v2\/users\/4"}],"replies":[{"embeddable":true,"href":"https:\/\/auteursdetheatre.org\/index.php?rest_route=%2Fwp%2Fv2%2Fcomments&post=1657"}],"version-history":[{"count":3,"href":"https:\/\/auteursdetheatre.org\/index.php?rest_route=\/wp\/v2\/posts\/1657\/revisions"}],"predecessor-version":[{"id":1661,"href":"https:\/\/auteursdetheatre.org\/index.php?rest_route=\/wp\/v2\/posts\/1657\/revisions\/1661"}],"wp:attachment":[{"href":"https:\/\/auteursdetheatre.org\/index.php?rest_route=%2Fwp%2Fv2%2Fmedia&parent=1657"}],"wp:term":[{"taxonomy":"category","embeddable":true,"href":"https:\/\/auteursdetheatre.org\/index.php?rest_route=%2Fwp%2Fv2%2Fcategories&post=1657"},{"taxonomy":"post_tag","embeddable":true,"href":"https:\/\/auteursdetheatre.org\/index.php?rest_route=%2Fwp%2Fv2%2Ftags&post=1657"}],"curies":[{"name":"wp","href":"https:\/\/api.w.org\/{rel}","templated":true}]}}