{"id":1708,"date":"2023-09-22T16:31:14","date_gmt":"2023-09-22T15:31:14","guid":{"rendered":"https:\/\/www.auteursdetheatre.org\/?p=1708"},"modified":"2024-10-09T11:17:18","modified_gmt":"2024-10-09T10:17:18","slug":"palmares-2024","status":"publish","type":"post","link":"https:\/\/auteursdetheatre.org\/?p=1708","title":{"rendered":"Palmar\u00e8s 2024"},"content":{"rendered":"\n<p><em><strong>Communiqu\u00e9 de presse<\/strong><\/em><\/p>\n\n\n\n<p>Depuis plus de 30 ans d\u2019existence, les Journ\u00e9es de Lyon se sont affirm\u00e9es comme l\u2019un des principaux concours d\u2019\u00e9criture dramatique francophone. En 2022, nous avons co-organis\u00e9 la premi\u00e8re \u00e9dition du festival Les Contemporaines au Th\u00e9\u00e2tre National Populaire et au Th\u00e9\u00e2tre de la Croix-Rousse avec En Acte(s) et avons renouvel\u00e9 l&rsquo;exp\u00e9rience \u00e0 la Villa Gillet, au parc de la Cerisaie et au Lyc\u00e9e St Exup\u00e9ry avec une \u00e9dition en ext\u00e9rieur en Mai 2023. <\/p>\n\n\n\n<p><strong><mark style=\"background-color:#abb8c3\" class=\"has-inline-color has-black-color\">TEXTES LAUR\u00c9ATS 2024<\/mark><\/strong><\/p>\n\n\n\n<p>Pour ce concours 2023, nous avons re\u00e7u pr\u00e8s de 400 manuscrits. Ils ont tous \u00e9t\u00e9 lus au moins deux fois. Apr\u00e8s diff\u00e9rentes phases d\u2019\u00e9liminations les 23 textes restants ont \u00e9t\u00e9 lus durant l\u2019\u00e9t\u00e9 par les 25 membres du jury. A l\u2019issue de ce long processus, nous avons retenu les textes suivants :<\/p>\n\n\n\n<p><\/p>\n\n\n\n<p><em>Prix domaine francophone :<\/em><\/p>\n\n\n\n<p>\u2022 <strong>Edouard Elvis\u00a0BVOUMA<\/strong>, <em>Chacun pour un, deux pour tous\u00a0<\/em>(Cameroun)<\/p>\n\n\n\n<p>\u2022 <strong>Emmanuelle FAVIER<\/strong>, <em>Les Cand\u00e9labres<\/em><\/p>\n\n\n\n<p>\u2022 <strong>Ga\u00ebl Tch\u00eagoun\u00a0HOUNKPATIN<\/strong>, <em>Cal\u00e9ta\u00a0<\/em>(B\u00e9nin)<\/p>\n\n\n\n<p>\u2022 <strong>Gr\u00e9goire VAUQUOIS<\/strong>, <em>Sit Jikaer (ou la peine perdue)<\/em> <\/p>\n\n\n\n<p>Prix domaine \u00e9tranger&nbsp;:<\/p>\n\n\n\n<p><strong>Jeton NEZIRAJ,<\/strong> <em>The Handke Project<\/em> (Kosovo) \u2013 Traduction de<strong>\u00a0S\u00e9bastien GRICOURT<\/strong> (albanais)<\/p>\n\n\n\n<p><\/p>\n\n\n\n<div style=\"height:42px\" aria-hidden=\"true\" class=\"wp-block-spacer\"><\/div>\n\n\n\n<p><em><mark style=\"background-color:#abb8c3\" class=\"has-inline-color has-black-color\">TEXTES REMARQU<strong><mark style=\"background-color:#abb8c3\" class=\"has-inline-color has-black-color\">\u00c9<\/mark><\/strong>S <\/mark><\/em><\/p>\n\n\n\n<p>\u2022 <strong>Adeline&nbsp;ARIAS et&nbsp;Elodie&nbsp;MUSELLE<\/strong>,&nbsp;<em>Les mots rouges<\/em><\/p>\n\n\n\n<p>\u2022 <strong>Cyrille&nbsp;ATLAN<\/strong>, <em>Henriette<\/em>&nbsp;<\/p>\n\n\n\n<p>\u2022 <strong>Antonio&nbsp;CARMONA<\/strong> <em>Les hamsters n\u2019existent pas<\/em>&nbsp;<\/p>\n\n\n\n<p>\u2022 <strong>Cyril&nbsp;HERIARD DUBREUIL<\/strong>, <em>Mauvais temps<\/em>&nbsp;<\/p>\n\n\n\n<p>\u2022 <strong>Bidossessi Nathalie\u00a0HOUNVO YEKPE<\/strong>, <em>Course aux noces<\/em> (B\u00e9nin)<\/p>\n\n\n\n<p>\u2022 <strong>C\u00e9dric&nbsp;JABUREK<\/strong>, <em>Vallis Lacrimarum<\/em>&nbsp;<\/p>\n\n\n\n<p>\u2022 <strong>Moanda Daddy KAMONO<\/strong>, <em>Epitaphe \u2013 Fiction<\/em>&nbsp;<\/p>\n\n\n\n<p>\u2022 <strong>Ailis\u00a0NI RIAIN<\/strong>, <em>L\u2019homme le plus grand du monde<\/em> (Irlande)\u00a0\u2013 Traduction d\u2019Annie\u00a0PEETERS (anglais)<\/p>\n\n\n\n<p>\u2022 <strong>Jean-Benoit PATRICOT<\/strong>, <em>Mon DESIR&nbsp;<\/em><\/p>\n\n\n\n<p><\/p>\n\n\n\n<p>Les dates du prochain concours seront bient\u00f4t en ligne. N&rsquo;h\u00e9sitez pas \u00e0 regarder r\u00e9guli\u00e8rement sur notre site et vous inscrire<a href=\"https:\/\/www.auteursdetheatre.org\/?page_id=892\"> ici<\/a> (en bas de page) \u00e0 notre newsletter pour avoir l&rsquo;information directement dans votre boite mail !<\/p>\n\n\n\n<figure class=\"wp-block-image size-large\"><a href=\"https:\/\/i0.wp.com\/www.auteursdetheatre.org\/wp-content\/uploads\/2024\/10\/logos-partenaires-3.png?ssl=1\"><img data-attachment-id=\"1895\" data-permalink=\"https:\/\/auteursdetheatre.org\/?attachment_id=1895\" data-orig-file=\"https:\/\/i0.wp.com\/auteursdetheatre.org\/wp-content\/uploads\/2024\/10\/logos-partenaires-3.png?fit=1080%2C1080&amp;ssl=1\" data-orig-size=\"1080,1080\" data-comments-opened=\"0\" data-image-meta=\"{&quot;aperture&quot;:&quot;0&quot;,&quot;credit&quot;:&quot;&quot;,&quot;camera&quot;:&quot;&quot;,&quot;caption&quot;:&quot;&quot;,&quot;created_timestamp&quot;:&quot;0&quot;,&quot;copyright&quot;:&quot;&quot;,&quot;focal_length&quot;:&quot;0&quot;,&quot;iso&quot;:&quot;0&quot;,&quot;shutter_speed&quot;:&quot;0&quot;,&quot;title&quot;:&quot;&quot;,&quot;orientation&quot;:&quot;0&quot;}\" data-image-title=\"logos-partenaires-3\" data-image-description=\"\" data-image-caption=\"\" data-medium-file=\"https:\/\/i0.wp.com\/auteursdetheatre.org\/wp-content\/uploads\/2024\/10\/logos-partenaires-3.png?fit=300%2C300&amp;ssl=1\" data-large-file=\"https:\/\/i0.wp.com\/auteursdetheatre.org\/wp-content\/uploads\/2024\/10\/logos-partenaires-3.png?fit=760%2C760&amp;ssl=1\" decoding=\"async\" loading=\"lazy\" width=\"760\" height=\"760\" src=\"https:\/\/i0.wp.com\/www.auteursdetheatre.org\/wp-content\/uploads\/2024\/10\/logos-partenaires-3-1024x1024.png?resize=760%2C760&#038;ssl=1\" alt=\"\" class=\"wp-image-1895\" srcset=\"https:\/\/i0.wp.com\/auteursdetheatre.org\/wp-content\/uploads\/2024\/10\/logos-partenaires-3.png?resize=1024%2C1024&amp;ssl=1 1024w, https:\/\/i0.wp.com\/auteursdetheatre.org\/wp-content\/uploads\/2024\/10\/logos-partenaires-3.png?resize=300%2C300&amp;ssl=1 300w, https:\/\/i0.wp.com\/auteursdetheatre.org\/wp-content\/uploads\/2024\/10\/logos-partenaires-3.png?resize=150%2C150&amp;ssl=1 150w, https:\/\/i0.wp.com\/auteursdetheatre.org\/wp-content\/uploads\/2024\/10\/logos-partenaires-3.png?resize=768%2C768&amp;ssl=1 768w, https:\/\/i0.wp.com\/auteursdetheatre.org\/wp-content\/uploads\/2024\/10\/logos-partenaires-3.png?resize=350%2C350&amp;ssl=1 350w, https:\/\/i0.wp.com\/auteursdetheatre.org\/wp-content\/uploads\/2024\/10\/logos-partenaires-3.png?w=1080&amp;ssl=1 1080w\" sizes=\"(max-width: 760px) 100vw, 760px\" data-recalc-dims=\"1\" \/><\/a><\/figure>\n","protected":false},"excerpt":{"rendered":"<p>Communiqu\u00e9 de presse Depuis plus de 30 ans d\u2019existence, les Journ\u00e9es de Lyon se sont affirm\u00e9es comme l\u2019un des principaux concours d\u2019\u00e9criture dramatique francophone. En 2022, nous avons co-organis\u00e9 la premi\u00e8re \u00e9dition du festival Les Contemporaines au Th\u00e9\u00e2tre National Populaire et au Th\u00e9\u00e2tre de la Croix-Rousse avec En Acte(s) et avons renouvel\u00e9 l&rsquo;exp\u00e9rience \u00e0 la [&hellip;]<\/p>\n","protected":false},"author":2,"featured_media":0,"comment_status":"closed","ping_status":"open","sticky":false,"template":"","format":"standard","meta":{"_jetpack_newsletter_access":"","footnotes":""},"categories":[1],"tags":[],"jetpack_featured_media_url":"","jetpack_sharing_enabled":true,"jetpack_shortlink":"https:\/\/wp.me\/p9n5dd-ry","jetpack_likes_enabled":false,"jetpack-related-posts":[{"id":1233,"url":"https:\/\/auteursdetheatre.org\/?p=1233","url_meta":{"origin":1708,"position":0},"title":"PALMAR\u00c8S 2023","author":"mascarille","date":"12 septembre 2022","format":false,"excerpt":"Communiqu\u00e9 de presse Depuis plus de 30 ans d\u2019existence, les Journ\u00e9es de Lyon se sont affirm\u00e9es comme l\u2019un des principaux concours d\u2019\u00e9criture dramatique francophone. En 2022, nous avons co-organis\u00e9 la premi\u00e8re \u00e9dition du festival Les Contemporaines au Th\u00e9\u00e2tre National Populaire et au Th\u00e9\u00e2tre de la Croix-Rousse avec En Acte(s). TEXTES\u2026","rel":"","context":"Dans &quot;Non class\u00e9&quot;","block_context":{"text":"Non class\u00e9","link":"https:\/\/auteursdetheatre.org\/?cat=1"},"img":{"alt_text":"","src":"https:\/\/i0.wp.com\/auteursdetheatre.org\/wp-content\/uploads\/2022\/09\/logos-1.png?resize=350%2C200&ssl=1","width":350,"height":200},"classes":[]},{"id":1894,"url":"https:\/\/auteursdetheatre.org\/?p=1894","url_meta":{"origin":1708,"position":1},"title":"PALMAR\u00c8S JOURN\u00c9ES DE LYON 2025","author":"Admin","date":"8 octobre 2024","format":false,"excerpt":"Communiqu\u00e9 de presseDepuis plus de 30 ans, l\u2019association Les Journ\u00e9es de Lyon des Autrices et Auteurs de Th\u00e9\u00e2tre propose un concours d\u2019\u00e9criture et a pour objectif de d\u00e9couvrir et de faire conna\u00eetre les \u00e9critures dramatiques contemporaines, dans toute la diversit\u00e9 de leurs esth\u00e9tiques et th\u00e9matiques. L\u2019association \u0153uvre pour la d\u00e9couverte,\u2026","rel":"","context":"Dans &quot;Non class\u00e9&quot;","block_context":{"text":"Non class\u00e9","link":"https:\/\/auteursdetheatre.org\/?cat=1"},"img":{"alt_text":"","src":"https:\/\/i0.wp.com\/auteursdetheatre.org\/wp-content\/uploads\/2024\/10\/Logos-partenaires-V3.png?resize=350%2C200&ssl=1","width":350,"height":200,"srcset":"https:\/\/i0.wp.com\/auteursdetheatre.org\/wp-content\/uploads\/2024\/10\/Logos-partenaires-V3.png?resize=350%2C200&ssl=1 1x, https:\/\/i0.wp.com\/auteursdetheatre.org\/wp-content\/uploads\/2024\/10\/Logos-partenaires-V3.png?resize=525%2C300&ssl=1 1.5x, https:\/\/i0.wp.com\/auteursdetheatre.org\/wp-content\/uploads\/2024\/10\/Logos-partenaires-V3.png?resize=700%2C400&ssl=1 2x, https:\/\/i0.wp.com\/auteursdetheatre.org\/wp-content\/uploads\/2024\/10\/Logos-partenaires-V3.png?resize=1050%2C600&ssl=1 3x"},"classes":[]},{"id":2096,"url":"https:\/\/auteursdetheatre.org\/?p=2096","url_meta":{"origin":1708,"position":2},"title":"PALMAR\u00c8S JOURN\u00c9ES DE LYON 2026","author":"mascarille","date":"22 octobre 2025","format":false,"excerpt":"COMMUNIQUE DE PRESSE Depuis plus de 30 ans, Les Journ\u00e9es de Lyon des Autrices et Auteurs de Th\u00e9\u00e2tre (JLAAT) \u0153uvre pour la d\u00e9couverte, la promotion, l\u2019\u00e9dition et la diffusion de textes de th\u00e9\u00e2tre d\u2019autrices et d\u2019auteurs vivants, d\u2019expression fran\u00e7aise ou bien traduits en fran\u00e7ais.Le comit\u00e9 de lecture des JLAAT organise\u2026","rel":"","context":"Dans &quot;Non class\u00e9&quot;","block_context":{"text":"Non class\u00e9","link":"https:\/\/auteursdetheatre.org\/?cat=1"},"img":{"alt_text":"","src":"","width":0,"height":0},"classes":[]},{"id":2108,"url":"https:\/\/auteursdetheatre.org\/?p=2108","url_meta":{"origin":1708,"position":3},"title":"OUVERTURE DE L&rsquo;APPEL \u00c0 TEXTE 2027","author":"mascarille","date":"11 d\u00e9cembre 2025","format":false,"excerpt":"L\u2019appel \u00e0 textes 2027 des Journ\u00e9es de Lyon des Autrices et Auteurs de Th\u00e9\u00e2tre sera ouvert\u00a0du 1er au 31 Janvier 2026 minuit (heure de Paris).\u00a0Il permettra de d\u00e9signer les laur\u00e9ates et laur\u00e9ats 2027. Merci de prendre connaissance du r\u00e8glement de l\u2019appel \u00e0 textes\u00a0ici\u00a0avant de d\u00e9poser votre texte. Vous pouvez nous\u2026","rel":"","context":"Dans &quot;Non class\u00e9&quot;","block_context":{"text":"Non class\u00e9","link":"https:\/\/auteursdetheatre.org\/?cat=1"},"img":{"alt_text":"","src":"https:\/\/i0.wp.com\/auteursdetheatre.org\/wp-content\/uploads\/2024\/12\/logo-JLAAT.png?resize=350%2C200&ssl=1","width":350,"height":200},"classes":[]},{"id":1950,"url":"https:\/\/auteursdetheatre.org\/?p=1950","url_meta":{"origin":1708,"position":4},"title":"OUVERTURE DE L&rsquo;APPEL A TEXTES 2026","author":"Admin","date":"17 d\u00e9cembre 2024","format":false,"excerpt":"L'appel \u00e0 textes 2026 des Journ\u00e9es de Lyon des Autrices et Auteurs de Th\u00e9\u00e2tre sera ouvert du 1er au 31 Janvier 2025 minuit (heure de Paris). Il permettra de d\u00e9signer les cinq laur\u00e9ates et laur\u00e9ats 2026. Merci de prendre connaissance du r\u00e8glement de l'appel \u00e0 textes ici avant de d\u00e9poser\u2026","rel":"","context":"Dans &quot;Non class\u00e9&quot;","block_context":{"text":"Non class\u00e9","link":"https:\/\/auteursdetheatre.org\/?cat=1"},"img":{"alt_text":"","src":"https:\/\/i0.wp.com\/auteursdetheatre.org\/wp-content\/uploads\/2024\/12\/logo-JLAAT.png?resize=350%2C200&ssl=1","width":350,"height":200},"classes":[]},{"id":1265,"url":"https:\/\/auteursdetheatre.org\/?p=1265","url_meta":{"origin":1708,"position":5},"title":"OUVERTURE DU CONCOURS","author":"mascarille","date":"21 d\u00e9cembre 2022","format":false,"excerpt":"Le prochain concours des Journ\u00e9es de Lyon des Auteurs de Th\u00e9\u00e2tre sera ouvert du 1er au 31 Janvier 2023 minuit (heure de Paris). Il permettra de d\u00e9signer les cinq laur\u00e9ats 2024. Merci de prendre connaissance du r\u00e8glement du concours avant de d\u00e9poser votre texte. Vous pouvez nous contacter \u00e0 jlatauteurs@gmail.com\u2026","rel":"","context":"Dans &quot;Non class\u00e9&quot;","block_context":{"text":"Non class\u00e9","link":"https:\/\/auteursdetheatre.org\/?cat=1"},"img":{"alt_text":"","src":"","width":0,"height":0},"classes":[]}],"_links":{"self":[{"href":"https:\/\/auteursdetheatre.org\/index.php?rest_route=\/wp\/v2\/posts\/1708"}],"collection":[{"href":"https:\/\/auteursdetheatre.org\/index.php?rest_route=\/wp\/v2\/posts"}],"about":[{"href":"https:\/\/auteursdetheatre.org\/index.php?rest_route=\/wp\/v2\/types\/post"}],"author":[{"embeddable":true,"href":"https:\/\/auteursdetheatre.org\/index.php?rest_route=\/wp\/v2\/users\/2"}],"replies":[{"embeddable":true,"href":"https:\/\/auteursdetheatre.org\/index.php?rest_route=%2Fwp%2Fv2%2Fcomments&post=1708"}],"version-history":[{"count":7,"href":"https:\/\/auteursdetheatre.org\/index.php?rest_route=\/wp\/v2\/posts\/1708\/revisions"}],"predecessor-version":[{"id":1924,"href":"https:\/\/auteursdetheatre.org\/index.php?rest_route=\/wp\/v2\/posts\/1708\/revisions\/1924"}],"wp:attachment":[{"href":"https:\/\/auteursdetheatre.org\/index.php?rest_route=%2Fwp%2Fv2%2Fmedia&parent=1708"}],"wp:term":[{"taxonomy":"category","embeddable":true,"href":"https:\/\/auteursdetheatre.org\/index.php?rest_route=%2Fwp%2Fv2%2Fcategories&post=1708"},{"taxonomy":"post_tag","embeddable":true,"href":"https:\/\/auteursdetheatre.org\/index.php?rest_route=%2Fwp%2Fv2%2Ftags&post=1708"}],"curies":[{"name":"wp","href":"https:\/\/api.w.org\/{rel}","templated":true}]}}