{"id":1860,"date":"2024-04-25T16:52:54","date_gmt":"2024-04-25T15:52:54","guid":{"rendered":"https:\/\/www.auteursdetheatre.org\/?p=1860"},"modified":"2024-04-26T11:33:10","modified_gmt":"2024-04-26T10:33:10","slug":"le-festival-les-contemporaines-approche","status":"publish","type":"post","link":"https:\/\/auteursdetheatre.org\/?p=1860","title":{"rendered":"Le Festival Les Contemporaines approche !"},"content":{"rendered":"\n<div style=\"height:0px\" aria-hidden=\"true\" class=\"wp-block-spacer\"><\/div>\n\n\n\n<p>La 3e \u00e9dition du festival <em>Les Contemporaines<\/em> aura lieu du <span style=\"text-decoration: underline;\">28 mai au 08 juin 2024 <\/span>au <a href=\"https:\/\/www.tnp-villeurbanne.com\/manifestation\/les-contemporaines\/\" target=\"_blank\" rel=\"noreferrer noopener\">Th\u00e9\u00e2tre National Populaire de Villeurbanne<\/a>, \u00e0 la<a href=\"https:\/\/www.bm-lyon.fr\/16-bibliotheques-et-un-bibliobus\/mediatheque-de-vaise\/\" target=\"_blank\" rel=\"noreferrer noopener\"> M\u00e9diath\u00e8que de Vaise<\/a>, au <a href=\"https:\/\/www.croix-rousse.com\/\" target=\"_blank\" rel=\"noreferrer noopener\">Th\u00e9\u00e2tre de la Croix-Rousse<\/a>,et au <a href=\"https:\/\/leniddepoule.com\/\" target=\"_blank\" rel=\"noreferrer noopener\">nid de poule<\/a>. <\/p>\n\n\n\n<div style=\"height:27px\" aria-hidden=\"true\" class=\"wp-block-spacer\"><\/div>\n\n\n\n<figure class=\"wp-block-image size-full\"><a href=\"https:\/\/i0.wp.com\/www.auteursdetheatre.org\/wp-content\/uploads\/2022\/03\/Logos-Les-Contemporaines-RVB-2-rose.png?ssl=1\"><img data-attachment-id=\"1089\" data-permalink=\"https:\/\/auteursdetheatre.org\/?attachment_id=1089\" data-orig-file=\"https:\/\/i0.wp.com\/auteursdetheatre.org\/wp-content\/uploads\/2022\/03\/Logos-Les-Contemporaines-RVB-2-rose.png?fit=946%2C509&amp;ssl=1\" data-orig-size=\"946,509\" data-comments-opened=\"0\" data-image-meta=\"{&quot;aperture&quot;:&quot;0&quot;,&quot;credit&quot;:&quot;&quot;,&quot;camera&quot;:&quot;&quot;,&quot;caption&quot;:&quot;&quot;,&quot;created_timestamp&quot;:&quot;0&quot;,&quot;copyright&quot;:&quot;&quot;,&quot;focal_length&quot;:&quot;0&quot;,&quot;iso&quot;:&quot;0&quot;,&quot;shutter_speed&quot;:&quot;0&quot;,&quot;title&quot;:&quot;&quot;,&quot;orientation&quot;:&quot;0&quot;}\" data-image-title=\"Logos-Les-Contemporaines-RVB-2-rose\" data-image-description=\"\" data-image-caption=\"\" data-medium-file=\"https:\/\/i0.wp.com\/auteursdetheatre.org\/wp-content\/uploads\/2022\/03\/Logos-Les-Contemporaines-RVB-2-rose.png?fit=300%2C161&amp;ssl=1\" data-large-file=\"https:\/\/i0.wp.com\/auteursdetheatre.org\/wp-content\/uploads\/2022\/03\/Logos-Les-Contemporaines-RVB-2-rose.png?fit=760%2C409&amp;ssl=1\" decoding=\"async\" loading=\"lazy\" width=\"760\" height=\"409\" src=\"https:\/\/i0.wp.com\/www.auteursdetheatre.org\/wp-content\/uploads\/2022\/03\/Logos-Les-Contemporaines-RVB-2-rose.png?resize=760%2C409&#038;ssl=1\" alt=\"\" class=\"wp-image-1089\" srcset=\"https:\/\/i0.wp.com\/auteursdetheatre.org\/wp-content\/uploads\/2022\/03\/Logos-Les-Contemporaines-RVB-2-rose.png?w=946&amp;ssl=1 946w, https:\/\/i0.wp.com\/auteursdetheatre.org\/wp-content\/uploads\/2022\/03\/Logos-Les-Contemporaines-RVB-2-rose.png?resize=300%2C161&amp;ssl=1 300w, https:\/\/i0.wp.com\/auteursdetheatre.org\/wp-content\/uploads\/2022\/03\/Logos-Les-Contemporaines-RVB-2-rose.png?resize=768%2C413&amp;ssl=1 768w, https:\/\/i0.wp.com\/auteursdetheatre.org\/wp-content\/uploads\/2022\/03\/Logos-Les-Contemporaines-RVB-2-rose.png?resize=350%2C188&amp;ssl=1 350w\" sizes=\"(max-width: 760px) 100vw, 760px\" data-recalc-dims=\"1\" \/><\/a><\/figure>\n\n\n\n<h4 class=\"wp-block-heading has-text-align-center\"><strong>Festival d\u2019\u00e9critures contemporaines francophones en m\u00e9tropole lyonnaise<\/strong><\/h4>\n\n\n\n<div style=\"height:12px\" aria-hidden=\"true\" class=\"wp-block-spacer\"><\/div>\n\n\n\n<h2 class=\"wp-block-heading has-text-align-center\"><strong><mark><mark style=\"background-color:rgba(0, 0, 0, 0);color:#ff006f\" class=\"has-inline-color\">DU 28 MAI AU 08 JUIN 2024<\/mark><\/mark><\/strong><\/h2>\n\n\n\n<div class=\"wp-block-buttons is-content-justification-center is-layout-flex wp-container-1 wp-block-buttons-is-layout-flex\">\n<div class=\"wp-block-button\"><a class=\"wp-block-button__link has-text-align-center wp-element-button\" href=\"https:\/\/www.auteursdetheatre.org\/wp-content\/uploads\/2024\/04\/LC-BROCHURE-2024_NUM_page.pdf\">TELECHARGER LA BROCHURE<\/a><\/div>\n<\/div>\n\n\n\n<ul class=\"wp-block-social-links aligncenter has-large-icon-size is-layout-flex wp-block-social-links-is-layout-flex\"><li class=\"wp-social-link wp-social-link-instagram  wp-block-social-link\"><a href=\"https:\/\/www.instagram.com\/festival_les_contemporaines\/\" class=\"wp-block-social-link-anchor\"><svg width=\"24\" height=\"24\" viewBox=\"0 0 24 24\" version=\"1.1\" xmlns=\"http:\/\/www.w3.org\/2000\/svg\" aria-hidden=\"true\" focusable=\"false\"><path d=\"M12,4.622c2.403,0,2.688,0.009,3.637,0.052c0.877,0.04,1.354,0.187,1.671,0.31c0.42,0.163,0.72,0.358,1.035,0.673 c0.315,0.315,0.51,0.615,0.673,1.035c0.123,0.317,0.27,0.794,0.31,1.671c0.043,0.949,0.052,1.234,0.052,3.637 s-0.009,2.688-0.052,3.637c-0.04,0.877-0.187,1.354-0.31,1.671c-0.163,0.42-0.358,0.72-0.673,1.035 c-0.315,0.315-0.615,0.51-1.035,0.673c-0.317,0.123-0.794,0.27-1.671,0.31c-0.949,0.043-1.233,0.052-3.637,0.052 s-2.688-0.009-3.637-0.052c-0.877-0.04-1.354-0.187-1.671-0.31c-0.42-0.163-0.72-0.358-1.035-0.673 c-0.315-0.315-0.51-0.615-0.673-1.035c-0.123-0.317-0.27-0.794-0.31-1.671C4.631,14.688,4.622,14.403,4.622,12 s0.009-2.688,0.052-3.637c0.04-0.877,0.187-1.354,0.31-1.671c0.163-0.42,0.358-0.72,0.673-1.035 c0.315-0.315,0.615-0.51,1.035-0.673c0.317-0.123,0.794-0.27,1.671-0.31C9.312,4.631,9.597,4.622,12,4.622 M12,3 C9.556,3,9.249,3.01,8.289,3.054C7.331,3.098,6.677,3.25,6.105,3.472C5.513,3.702,5.011,4.01,4.511,4.511 c-0.5,0.5-0.808,1.002-1.038,1.594C3.25,6.677,3.098,7.331,3.054,8.289C3.01,9.249,3,9.556,3,12c0,2.444,0.01,2.751,0.054,3.711 c0.044,0.958,0.196,1.612,0.418,2.185c0.23,0.592,0.538,1.094,1.038,1.594c0.5,0.5,1.002,0.808,1.594,1.038 c0.572,0.222,1.227,0.375,2.185,0.418C9.249,20.99,9.556,21,12,21s2.751-0.01,3.711-0.054c0.958-0.044,1.612-0.196,2.185-0.418 c0.592-0.23,1.094-0.538,1.594-1.038c0.5-0.5,0.808-1.002,1.038-1.594c0.222-0.572,0.375-1.227,0.418-2.185 C20.99,14.751,21,14.444,21,12s-0.01-2.751-0.054-3.711c-0.044-0.958-0.196-1.612-0.418-2.185c-0.23-0.592-0.538-1.094-1.038-1.594 c-0.5-0.5-1.002-0.808-1.594-1.038c-0.572-0.222-1.227-0.375-2.185-0.418C14.751,3.01,14.444,3,12,3L12,3z M12,7.378 c-2.552,0-4.622,2.069-4.622,4.622S9.448,16.622,12,16.622s4.622-2.069,4.622-4.622S14.552,7.378,12,7.378z M12,15 c-1.657,0-3-1.343-3-3s1.343-3,3-3s3,1.343,3,3S13.657,15,12,15z M16.804,6.116c-0.596,0-1.08,0.484-1.08,1.08 s0.484,1.08,1.08,1.08c0.596,0,1.08-0.484,1.08-1.08S17.401,6.116,16.804,6.116z\"><\/path><\/svg><span class=\"wp-block-social-link-label screen-reader-text\">Instagram<\/span><\/a><\/li>\n\n<li class=\"wp-social-link wp-social-link-facebook  wp-block-social-link\"><a href=\"https:\/\/www.facebook.com\/FestivalLesContemporaines\" class=\"wp-block-social-link-anchor\"><svg width=\"24\" height=\"24\" viewBox=\"0 0 24 24\" version=\"1.1\" xmlns=\"http:\/\/www.w3.org\/2000\/svg\" aria-hidden=\"true\" focusable=\"false\"><path d=\"M12 2C6.5 2 2 6.5 2 12c0 5 3.7 9.1 8.4 9.9v-7H7.9V12h2.5V9.8c0-2.5 1.5-3.9 3.8-3.9 1.1 0 2.2.2 2.2.2v2.5h-1.3c-1.2 0-1.6.8-1.6 1.6V12h2.8l-.4 2.9h-2.3v7C18.3 21.1 22 17 22 12c0-5.5-4.5-10-10-10z\"><\/path><\/svg><span class=\"wp-block-social-link-label screen-reader-text\">Facebook<\/span><\/a><\/li><\/ul>\n\n\n\n<div style=\"height:34px\" aria-hidden=\"true\" class=\"wp-block-spacer\"><\/div>\n\n\n\n<hr class=\"wp-block-separator has-alpha-channel-opacity\"\/>\n\n\n\n<h2 class=\"wp-block-heading\"><strong><mark><mark style=\"background-color:rgba(0, 0, 0, 0);color:#ff00b7\" class=\"has-inline-color\">Le Festival<\/mark><\/mark><\/strong><\/h2>\n\n\n\n<h4 class=\"wp-block-heading\"><strong>La gen\u00e8se de l\u2019\u00e9v\u00e8nement<\/strong><\/h4>\n\n\n\n<p>Les Journ\u00e9es de Lyon des Autrices et Auteurs de Th\u00e9\u00e2tre (JLAAT) et<a rel=\"noreferrer noopener\" href=\"https:\/\/www.enactes.org\/les-contemporaines\/\" target=\"_blank\">&nbsp;Le Festival EN ACTE(S)&nbsp;<\/a>s\u2019associent pour la cr\u00e9ation d\u2019un temps fort d\u00e9di\u00e9 aux \u00e9critures dramatiques francophones :&nbsp;<strong>Les Contemporaines<\/strong>. Pour nos deux \u00e9quipes dont l\u2019objectif est d\u2019accompagner les autrices dramatiques dans toutes les dimensions de leur m\u00e9tier, la cr\u00e9ation d\u2019un \u00e9v\u00e9nement commun s\u2019est impos\u00e9e comme une \u00e9vidence.<\/p>\n\n\n\n<p>Pendant quinze jours, c\u2019est plus d\u2019une centaine d\u2019auteur\u00b7e\u00b7s et artistes francophones qui vont investir les espaces de la m\u00e9tropole lyonnaise : La Villa Gillet, Le parc de la Cerisaie, la M\u00e9diath\u00e8que de Vaise, le Lyc\u00e9e St Exup\u00e9ry, pour faire entendre les \u00e9critures du pr\u00e9sent.<\/p>\n\n\n\n<div style=\"height:24px\" aria-hidden=\"true\" class=\"wp-block-spacer\"><\/div>\n\n\n<div class=\"wp-block-image\">\n<figure class=\"aligncenter\"><img data-attachment-id=\"1523\" data-permalink=\"https:\/\/auteursdetheatre.org\/?attachment_id=1523\" data-orig-file=\"https:\/\/i0.wp.com\/auteursdetheatre.org\/wp-content\/uploads\/2023\/04\/Les-echos-14-1.jpg?fit=792%2C446&amp;ssl=1\" data-orig-size=\"792,446\" data-comments-opened=\"0\" data-image-meta=\"{&quot;aperture&quot;:&quot;2.8&quot;,&quot;credit&quot;:&quot;MASCARILLE&quot;,&quot;camera&quot;:&quot;DC-S1&quot;,&quot;caption&quot;:&quot;&quot;,&quot;created_timestamp&quot;:&quot;1652482546&quot;,&quot;copyright&quot;:&quot;ZEIZIG EMILE&quot;,&quot;focal_length&quot;:&quot;24&quot;,&quot;iso&quot;:&quot;20000&quot;,&quot;shutter_speed&quot;:&quot;0.016666666666667&quot;,&quot;title&quot;:&quot;&quot;,&quot;orientation&quot;:&quot;0&quot;}\" data-image-title=\"Les-echos-14-1\" data-image-description=\"\" data-image-caption=\"\" data-medium-file=\"https:\/\/i0.wp.com\/auteursdetheatre.org\/wp-content\/uploads\/2023\/04\/Les-echos-14-1.jpg?fit=300%2C169&amp;ssl=1\" data-large-file=\"https:\/\/i0.wp.com\/auteursdetheatre.org\/wp-content\/uploads\/2023\/04\/Les-echos-14-1.jpg?fit=760%2C428&amp;ssl=1\" decoding=\"async\" loading=\"lazy\" width=\"760\" height=\"428\" src=\"https:\/\/i0.wp.com\/www.auteursdetheatre.org\/wp-content\/uploads\/2023\/04\/Les-echos-14-1.jpg?resize=760%2C428&#038;ssl=1\" alt=\"\" class=\"wp-image-1523\" data-recalc-dims=\"1\"\/><figcaption class=\"wp-element-caption\">\u00a9Emile Zeizig -2022<\/figcaption><\/figure><\/div>\n\n\n<div style=\"height:36px\" aria-hidden=\"true\" class=\"wp-block-spacer\"><\/div>\n\n\n\n<hr class=\"wp-block-separator has-alpha-channel-opacity\"\/>\n\n\n\n<h2 class=\"wp-block-heading\"><mark style=\"background-color:rgba(0, 0, 0, 0);color:#fb0192\" class=\"has-inline-color\">L&rsquo;Agenda <\/mark><\/h2>\n\n\n\n<figure class=\"wp-block-image size-full is-resized\"><a href=\"https:\/\/i0.wp.com\/www.auteursdetheatre.org\/wp-content\/uploads\/2024\/04\/calendrier-24-def.jpg?ssl=1\"><img data-attachment-id=\"1863\" data-permalink=\"https:\/\/auteursdetheatre.org\/?attachment_id=1863\" data-orig-file=\"https:\/\/i0.wp.com\/auteursdetheatre.org\/wp-content\/uploads\/2024\/04\/calendrier-24-def.jpg?fit=1387%2C2000&amp;ssl=1\" data-orig-size=\"1387,2000\" data-comments-opened=\"0\" data-image-meta=\"{&quot;aperture&quot;:&quot;0&quot;,&quot;credit&quot;:&quot;&quot;,&quot;camera&quot;:&quot;&quot;,&quot;caption&quot;:&quot;&quot;,&quot;created_timestamp&quot;:&quot;0&quot;,&quot;copyright&quot;:&quot;&quot;,&quot;focal_length&quot;:&quot;0&quot;,&quot;iso&quot;:&quot;0&quot;,&quot;shutter_speed&quot;:&quot;0&quot;,&quot;title&quot;:&quot;&quot;,&quot;orientation&quot;:&quot;1&quot;}\" data-image-title=\"calendrier-24-def\" data-image-description=\"\" data-image-caption=\"\" data-medium-file=\"https:\/\/i0.wp.com\/auteursdetheatre.org\/wp-content\/uploads\/2024\/04\/calendrier-24-def.jpg?fit=208%2C300&amp;ssl=1\" data-large-file=\"https:\/\/i0.wp.com\/auteursdetheatre.org\/wp-content\/uploads\/2024\/04\/calendrier-24-def.jpg?fit=710%2C1024&amp;ssl=1\" decoding=\"async\" loading=\"lazy\" src=\"https:\/\/i0.wp.com\/www.auteursdetheatre.org\/wp-content\/uploads\/2024\/04\/calendrier-24-def.jpg?resize=741%2C1089&#038;ssl=1\" alt=\"\" class=\"wp-image-1863\" style=\"width:741px;height:1089px\" width=\"741\" height=\"1089\" data-recalc-dims=\"1\" \/><\/a><\/figure>\n\n\n\n<div style=\"height:39px\" aria-hidden=\"true\" class=\"wp-block-spacer\"><\/div>\n\n\n\n<div class=\"wp-block-buttons is-content-justification-center is-layout-flex wp-container-3 wp-block-buttons-is-layout-flex\">\n<div class=\"wp-block-button\"><a class=\"wp-block-button__link wp-element-button\" href=\"https:\/\/www.auteursdetheatre.org\/?page_id=1084\" target=\"_blank\" rel=\"noreferrer noopener\">Plus d&rsquo;informations sur l\u2019\u00e9v\u00e8nement <\/a><\/div>\n<\/div>\n\n\n\n<div style=\"height:55px\" aria-hidden=\"true\" class=\"wp-block-spacer\"><\/div>\n\n\n\n<hr class=\"wp-block-separator has-alpha-channel-opacity\"\/>\n\n\n\n<h2 class=\"wp-block-heading has-text-align-center\"><strong><mark style=\"background-color:rgba(0, 0, 0, 0);color:#fb0192\" class=\"has-inline-color\">Retrouvez Le Festival Les Contemporaines sur les r\u00e9seaux sociaux !<\/mark><\/strong><\/h2>\n\n\n\n<ul class=\"wp-block-social-links aligncenter has-large-icon-size is-layout-flex wp-block-social-links-is-layout-flex\"><li class=\"wp-social-link wp-social-link-instagram  wp-block-social-link\"><a href=\"https:\/\/www.instagram.com\/festival_les_contemporaines\/\" class=\"wp-block-social-link-anchor\"><svg width=\"24\" height=\"24\" viewBox=\"0 0 24 24\" version=\"1.1\" xmlns=\"http:\/\/www.w3.org\/2000\/svg\" aria-hidden=\"true\" focusable=\"false\"><path d=\"M12,4.622c2.403,0,2.688,0.009,3.637,0.052c0.877,0.04,1.354,0.187,1.671,0.31c0.42,0.163,0.72,0.358,1.035,0.673 c0.315,0.315,0.51,0.615,0.673,1.035c0.123,0.317,0.27,0.794,0.31,1.671c0.043,0.949,0.052,1.234,0.052,3.637 s-0.009,2.688-0.052,3.637c-0.04,0.877-0.187,1.354-0.31,1.671c-0.163,0.42-0.358,0.72-0.673,1.035 c-0.315,0.315-0.615,0.51-1.035,0.673c-0.317,0.123-0.794,0.27-1.671,0.31c-0.949,0.043-1.233,0.052-3.637,0.052 s-2.688-0.009-3.637-0.052c-0.877-0.04-1.354-0.187-1.671-0.31c-0.42-0.163-0.72-0.358-1.035-0.673 c-0.315-0.315-0.51-0.615-0.673-1.035c-0.123-0.317-0.27-0.794-0.31-1.671C4.631,14.688,4.622,14.403,4.622,12 s0.009-2.688,0.052-3.637c0.04-0.877,0.187-1.354,0.31-1.671c0.163-0.42,0.358-0.72,0.673-1.035 c0.315-0.315,0.615-0.51,1.035-0.673c0.317-0.123,0.794-0.27,1.671-0.31C9.312,4.631,9.597,4.622,12,4.622 M12,3 C9.556,3,9.249,3.01,8.289,3.054C7.331,3.098,6.677,3.25,6.105,3.472C5.513,3.702,5.011,4.01,4.511,4.511 c-0.5,0.5-0.808,1.002-1.038,1.594C3.25,6.677,3.098,7.331,3.054,8.289C3.01,9.249,3,9.556,3,12c0,2.444,0.01,2.751,0.054,3.711 c0.044,0.958,0.196,1.612,0.418,2.185c0.23,0.592,0.538,1.094,1.038,1.594c0.5,0.5,1.002,0.808,1.594,1.038 c0.572,0.222,1.227,0.375,2.185,0.418C9.249,20.99,9.556,21,12,21s2.751-0.01,3.711-0.054c0.958-0.044,1.612-0.196,2.185-0.418 c0.592-0.23,1.094-0.538,1.594-1.038c0.5-0.5,0.808-1.002,1.038-1.594c0.222-0.572,0.375-1.227,0.418-2.185 C20.99,14.751,21,14.444,21,12s-0.01-2.751-0.054-3.711c-0.044-0.958-0.196-1.612-0.418-2.185c-0.23-0.592-0.538-1.094-1.038-1.594 c-0.5-0.5-1.002-0.808-1.594-1.038c-0.572-0.222-1.227-0.375-2.185-0.418C14.751,3.01,14.444,3,12,3L12,3z M12,7.378 c-2.552,0-4.622,2.069-4.622,4.622S9.448,16.622,12,16.622s4.622-2.069,4.622-4.622S14.552,7.378,12,7.378z M12,15 c-1.657,0-3-1.343-3-3s1.343-3,3-3s3,1.343,3,3S13.657,15,12,15z M16.804,6.116c-0.596,0-1.08,0.484-1.08,1.08 s0.484,1.08,1.08,1.08c0.596,0,1.08-0.484,1.08-1.08S17.401,6.116,16.804,6.116z\"><\/path><\/svg><span class=\"wp-block-social-link-label screen-reader-text\">Instagram<\/span><\/a><\/li>\n\n<li class=\"wp-social-link wp-social-link-facebook  wp-block-social-link\"><a href=\"https:\/\/www.facebook.com\/FestivalLesContemporaines\" class=\"wp-block-social-link-anchor\"><svg width=\"24\" height=\"24\" viewBox=\"0 0 24 24\" version=\"1.1\" xmlns=\"http:\/\/www.w3.org\/2000\/svg\" aria-hidden=\"true\" focusable=\"false\"><path d=\"M12 2C6.5 2 2 6.5 2 12c0 5 3.7 9.1 8.4 9.9v-7H7.9V12h2.5V9.8c0-2.5 1.5-3.9 3.8-3.9 1.1 0 2.2.2 2.2.2v2.5h-1.3c-1.2 0-1.6.8-1.6 1.6V12h2.8l-.4 2.9h-2.3v7C18.3 21.1 22 17 22 12c0-5.5-4.5-10-10-10z\"><\/path><\/svg><span class=\"wp-block-social-link-label screen-reader-text\">Facebook<\/span><\/a><\/li><\/ul>\n\n\n\n<p><\/p>\n","protected":false},"excerpt":{"rendered":"<p>La 3e \u00e9dition du festival Les Contemporaines aura lieu du 28 mai au 08 juin 2024 au Th\u00e9\u00e2tre National Populaire de Villeurbanne, \u00e0 la M\u00e9diath\u00e8que de Vaise, au Th\u00e9\u00e2tre de la Croix-Rousse,et au nid de poule. Festival d\u2019\u00e9critures contemporaines francophones en m\u00e9tropole lyonnaise DU 28 MAI AU 08 JUIN 2024 Le Festival La gen\u00e8se de [&hellip;]<\/p>\n","protected":false},"author":2,"featured_media":0,"comment_status":"closed","ping_status":"open","sticky":false,"template":"","format":"standard","meta":{"_jetpack_newsletter_access":"","footnotes":""},"categories":[1],"tags":[],"jetpack_featured_media_url":"","jetpack_sharing_enabled":true,"jetpack_shortlink":"https:\/\/wp.me\/p9n5dd-u0","jetpack_likes_enabled":false,"jetpack-related-posts":[{"id":2063,"url":"https:\/\/auteursdetheatre.org\/?p=2063","url_meta":{"origin":1860,"position":0},"title":"Festival Les Contemporaines \/\/ \u00c9dition 2025","author":"Admin","date":"8 mai 2025","format":false,"excerpt":"FESTIVAL D'\u00c9CRITURES DRAMATIQUES FRANCOPHONES EN M\u00c9TROPOLE LYONNAISE du 13 au\u00a017 mai 2025 A l'Assembl\u00e9e, Fabrique artistique17 bis Rue Saint-Eus\u00e8be, 69003 Lyon CONSULTER LE PROGRAMME JE PRENDS MES PLACES ICI \u00a9 Emile ZEIZIG Les contemporaines \u00e9dition 2024 \u00c9dition 2025 PROGRAMMATION ARTISTIQUE 2025Mardi 13 mai19h \ud83d\udc07 Le Tour de France \u2013 Agn\u00e8s\u2026","rel":"","context":"Dans &quot;Non class\u00e9&quot;","block_context":{"text":"Non class\u00e9","link":"https:\/\/auteursdetheatre.org\/?cat=1"},"img":{"alt_text":"","src":"https:\/\/i0.wp.com\/auteursdetheatre.org\/wp-content\/uploads\/2025\/05\/PS1Z3766.jpg?resize=350%2C200&ssl=1","width":350,"height":200,"srcset":"https:\/\/i0.wp.com\/auteursdetheatre.org\/wp-content\/uploads\/2025\/05\/PS1Z3766.jpg?resize=350%2C200&ssl=1 1x, https:\/\/i0.wp.com\/auteursdetheatre.org\/wp-content\/uploads\/2025\/05\/PS1Z3766.jpg?resize=525%2C300&ssl=1 1.5x, https:\/\/i0.wp.com\/auteursdetheatre.org\/wp-content\/uploads\/2025\/05\/PS1Z3766.jpg?resize=700%2C400&ssl=1 2x, https:\/\/i0.wp.com\/auteursdetheatre.org\/wp-content\/uploads\/2025\/05\/PS1Z3766.jpg?resize=1050%2C600&ssl=1 3x, https:\/\/i0.wp.com\/auteursdetheatre.org\/wp-content\/uploads\/2025\/05\/PS1Z3766.jpg?resize=1400%2C800&ssl=1 4x"},"classes":[]},{"id":1894,"url":"https:\/\/auteursdetheatre.org\/?p=1894","url_meta":{"origin":1860,"position":1},"title":"PALMAR\u00c8S JOURN\u00c9ES DE LYON 2025","author":"Admin","date":"8 octobre 2024","format":false,"excerpt":"Communiqu\u00e9 de presseDepuis plus de 30 ans, l\u2019association Les Journ\u00e9es de Lyon des Autrices et Auteurs de Th\u00e9\u00e2tre propose un concours d\u2019\u00e9criture et a pour objectif de d\u00e9couvrir et de faire conna\u00eetre les \u00e9critures dramatiques contemporaines, dans toute la diversit\u00e9 de leurs esth\u00e9tiques et th\u00e9matiques. L\u2019association \u0153uvre pour la d\u00e9couverte,\u2026","rel":"","context":"Dans &quot;Non class\u00e9&quot;","block_context":{"text":"Non class\u00e9","link":"https:\/\/auteursdetheatre.org\/?cat=1"},"img":{"alt_text":"","src":"https:\/\/i0.wp.com\/auteursdetheatre.org\/wp-content\/uploads\/2024\/10\/Logos-partenaires-V3.png?resize=350%2C200&ssl=1","width":350,"height":200,"srcset":"https:\/\/i0.wp.com\/auteursdetheatre.org\/wp-content\/uploads\/2024\/10\/Logos-partenaires-V3.png?resize=350%2C200&ssl=1 1x, https:\/\/i0.wp.com\/auteursdetheatre.org\/wp-content\/uploads\/2024\/10\/Logos-partenaires-V3.png?resize=525%2C300&ssl=1 1.5x, https:\/\/i0.wp.com\/auteursdetheatre.org\/wp-content\/uploads\/2024\/10\/Logos-partenaires-V3.png?resize=700%2C400&ssl=1 2x, https:\/\/i0.wp.com\/auteursdetheatre.org\/wp-content\/uploads\/2024\/10\/Logos-partenaires-V3.png?resize=1050%2C600&ssl=1 3x"},"classes":[]},{"id":2096,"url":"https:\/\/auteursdetheatre.org\/?p=2096","url_meta":{"origin":1860,"position":2},"title":"PALMAR\u00c8S JOURN\u00c9ES DE LYON 2026","author":"mascarille","date":"22 octobre 2025","format":false,"excerpt":"COMMUNIQUE DE PRESSE Depuis plus de 30 ans, Les Journ\u00e9es de Lyon des Autrices et Auteurs de Th\u00e9\u00e2tre (JLAAT) \u0153uvre pour la d\u00e9couverte, la promotion, l\u2019\u00e9dition et la diffusion de textes de th\u00e9\u00e2tre d\u2019autrices et d\u2019auteurs vivants, d\u2019expression fran\u00e7aise ou bien traduits en fran\u00e7ais.Le comit\u00e9 de lecture des JLAAT organise\u2026","rel":"","context":"Dans &quot;Non class\u00e9&quot;","block_context":{"text":"Non class\u00e9","link":"https:\/\/auteursdetheatre.org\/?cat=1"},"img":{"alt_text":"","src":"","width":0,"height":0},"classes":[]},{"id":2108,"url":"https:\/\/auteursdetheatre.org\/?p=2108","url_meta":{"origin":1860,"position":3},"title":"OUVERTURE DE L&rsquo;APPEL \u00c0 TEXTE 2027","author":"mascarille","date":"11 d\u00e9cembre 2025","format":false,"excerpt":"L\u2019appel \u00e0 textes 2027 des Journ\u00e9es de Lyon des Autrices et Auteurs de Th\u00e9\u00e2tre sera ouvert\u00a0du 1er au 31 Janvier 2026 minuit (heure de Paris).\u00a0Il permettra de d\u00e9signer les laur\u00e9ates et laur\u00e9ats 2027. Merci de prendre connaissance du r\u00e8glement de l\u2019appel \u00e0 textes\u00a0ici\u00a0avant de d\u00e9poser votre texte. Vous pouvez nous\u2026","rel":"","context":"Dans &quot;Non class\u00e9&quot;","block_context":{"text":"Non class\u00e9","link":"https:\/\/auteursdetheatre.org\/?cat=1"},"img":{"alt_text":"","src":"https:\/\/i0.wp.com\/auteursdetheatre.org\/wp-content\/uploads\/2024\/12\/logo-JLAAT.png?resize=350%2C200&ssl=1","width":350,"height":200},"classes":[]},{"id":1233,"url":"https:\/\/auteursdetheatre.org\/?p=1233","url_meta":{"origin":1860,"position":4},"title":"PALMAR\u00c8S 2023","author":"mascarille","date":"12 septembre 2022","format":false,"excerpt":"Communiqu\u00e9 de presse Depuis plus de 30 ans d\u2019existence, les Journ\u00e9es de Lyon se sont affirm\u00e9es comme l\u2019un des principaux concours d\u2019\u00e9criture dramatique francophone. En 2022, nous avons co-organis\u00e9 la premi\u00e8re \u00e9dition du festival Les Contemporaines au Th\u00e9\u00e2tre National Populaire et au Th\u00e9\u00e2tre de la Croix-Rousse avec En Acte(s). TEXTES\u2026","rel":"","context":"Dans &quot;Non class\u00e9&quot;","block_context":{"text":"Non class\u00e9","link":"https:\/\/auteursdetheatre.org\/?cat=1"},"img":{"alt_text":"","src":"https:\/\/i0.wp.com\/auteursdetheatre.org\/wp-content\/uploads\/2022\/09\/logos-1.png?resize=350%2C200&ssl=1","width":350,"height":200},"classes":[]},{"id":1708,"url":"https:\/\/auteursdetheatre.org\/?p=1708","url_meta":{"origin":1860,"position":5},"title":"Palmar\u00e8s 2024","author":"Admin","date":"22 septembre 2023","format":false,"excerpt":"Communiqu\u00e9 de presse Depuis plus de 30 ans d\u2019existence, les Journ\u00e9es de Lyon se sont affirm\u00e9es comme l\u2019un des principaux concours d\u2019\u00e9criture dramatique francophone. En 2022, nous avons co-organis\u00e9 la premi\u00e8re \u00e9dition du festival Les Contemporaines au Th\u00e9\u00e2tre National Populaire et au Th\u00e9\u00e2tre de la Croix-Rousse avec En Acte(s) et\u2026","rel":"","context":"Dans &quot;Non class\u00e9&quot;","block_context":{"text":"Non class\u00e9","link":"https:\/\/auteursdetheatre.org\/?cat=1"},"img":{"alt_text":"","src":"https:\/\/i0.wp.com\/auteursdetheatre.org\/wp-content\/uploads\/2024\/10\/logos-partenaires-3.png?resize=350%2C200&ssl=1","width":350,"height":200,"srcset":"https:\/\/i0.wp.com\/auteursdetheatre.org\/wp-content\/uploads\/2024\/10\/logos-partenaires-3.png?resize=350%2C200&ssl=1 1x, https:\/\/i0.wp.com\/auteursdetheatre.org\/wp-content\/uploads\/2024\/10\/logos-partenaires-3.png?resize=525%2C300&ssl=1 1.5x, https:\/\/i0.wp.com\/auteursdetheatre.org\/wp-content\/uploads\/2024\/10\/logos-partenaires-3.png?resize=700%2C400&ssl=1 2x, https:\/\/i0.wp.com\/auteursdetheatre.org\/wp-content\/uploads\/2024\/10\/logos-partenaires-3.png?resize=1050%2C600&ssl=1 3x"},"classes":[]}],"_links":{"self":[{"href":"https:\/\/auteursdetheatre.org\/index.php?rest_route=\/wp\/v2\/posts\/1860"}],"collection":[{"href":"https:\/\/auteursdetheatre.org\/index.php?rest_route=\/wp\/v2\/posts"}],"about":[{"href":"https:\/\/auteursdetheatre.org\/index.php?rest_route=\/wp\/v2\/types\/post"}],"author":[{"embeddable":true,"href":"https:\/\/auteursdetheatre.org\/index.php?rest_route=\/wp\/v2\/users\/2"}],"replies":[{"embeddable":true,"href":"https:\/\/auteursdetheatre.org\/index.php?rest_route=%2Fwp%2Fv2%2Fcomments&post=1860"}],"version-history":[{"count":12,"href":"https:\/\/auteursdetheatre.org\/index.php?rest_route=\/wp\/v2\/posts\/1860\/revisions"}],"predecessor-version":[{"id":1878,"href":"https:\/\/auteursdetheatre.org\/index.php?rest_route=\/wp\/v2\/posts\/1860\/revisions\/1878"}],"wp:attachment":[{"href":"https:\/\/auteursdetheatre.org\/index.php?rest_route=%2Fwp%2Fv2%2Fmedia&parent=1860"}],"wp:term":[{"taxonomy":"category","embeddable":true,"href":"https:\/\/auteursdetheatre.org\/index.php?rest_route=%2Fwp%2Fv2%2Fcategories&post=1860"},{"taxonomy":"post_tag","embeddable":true,"href":"https:\/\/auteursdetheatre.org\/index.php?rest_route=%2Fwp%2Fv2%2Ftags&post=1860"}],"curies":[{"name":"wp","href":"https:\/\/api.w.org\/{rel}","templated":true}]}}