{"id":2063,"date":"2025-05-08T15:51:06","date_gmt":"2025-05-08T14:51:06","guid":{"rendered":"https:\/\/auteursdetheatre.org\/?p=2063"},"modified":"2025-05-08T16:07:09","modified_gmt":"2025-05-08T15:07:09","slug":"festival-les-contemporaines-edition-2025","status":"publish","type":"post","link":"https:\/\/auteursdetheatre.org\/?p=2063","title":{"rendered":"Festival Les Contemporaines \/\/ \u00c9dition 2025"},"content":{"rendered":"\n<h5 class=\"wp-block-heading\"><mark style=\"background-color:rgba(0, 0, 0, 0);color:#f7055f\" class=\"has-inline-color\">FESTIVAL D&rsquo;\u00c9CRITURES DRAMATIQUES FRANCOPHONES EN M\u00c9TROPOLE LYONNAISE<\/mark><\/h5>\n\n\n<div class=\"wp-block-image\">\n<figure class=\"aligncenter is-resized\"><img decoding=\"async\" loading=\"lazy\" src=\"https:\/\/i0.wp.com\/static.wixstatic.com\/media\/54f519_6f18d00877d144e3aa65c1e787467634~mv2.png\/v1\/fill\/w_329,h_178,al_c,q_85,usm_0.66_1.00_0.01,enc_avif,quality_auto\/54f519_6f18d00877d144e3aa65c1e787467634~mv2.png?resize=607%2C328&#038;ssl=1\" alt=\"logo les contemporaines\" style=\"width:607px;height:328px\" width=\"607\" height=\"328\" data-recalc-dims=\"1\" \/><\/figure><\/div>\n\n\n<h2 class=\"wp-block-heading has-text-align-center\"><mark style=\"background-color:rgba(0, 0, 0, 0);color:#f7055f\" class=\"has-inline-color\">du 13 au\u00a017 mai 2025<\/mark><\/h2>\n\n\n\n<h4 class=\"wp-block-heading has-text-align-center\"><mark style=\"background-color:rgba(0, 0, 0, 0);color:#f7055f\" class=\"has-inline-color\">A l&rsquo;Assembl\u00e9e, Fabrique artistique<\/mark><br><a rel=\"noreferrer noopener\" href=\"https:\/\/www.google.com\/maps\/place\/\/data=!4m2!3m1!1s0x47f4c15a96fac097:0xa2ac9575a584ad0c?sa=X&amp;ved=1t:8290&amp;ictx=111\" target=\"_blank\">17 bis Rue Saint-Eus\u00e8be, 69003 Lyon<\/a><\/h4>\n\n\n\n<div class=\"wp-block-buttons is-content-justification-center is-layout-flex wp-container-1 wp-block-buttons-is-layout-flex\">\n<div class=\"wp-block-button\"><a class=\"wp-block-button__link wp-element-button\" href=\"https:\/\/www.lescontemporaines.fr\/_files\/ugd\/54f519_e47976962312454da353181778bb1bf1.pdf\" target=\"_blank\" rel=\"noreferrer noopener\"><mark style=\"background-color:rgba(0, 0, 0, 0);color:#eb0263\" class=\"has-inline-color\">CONSULTER LE PROGRAMME<\/mark><\/a><\/div>\n<\/div>\n\n\n\n<div style=\"height:39px\" aria-hidden=\"true\" class=\"wp-block-spacer\"><\/div>\n\n\n\n<div class=\"wp-block-buttons is-content-justification-center is-layout-flex wp-container-2 wp-block-buttons-is-layout-flex\">\n<div class=\"wp-block-button\"><a class=\"wp-block-button__link wp-element-button\" href=\"https:\/\/www.helloasso.com\/associations\/l-assemblee-fabrique-artistique-cie-du-bonhomme\" target=\"_blank\" rel=\"noreferrer noopener\"><strong><mark style=\"background-color:rgba(0, 0, 0, 0);color:#eb0263\" class=\"has-inline-color\">JE PRENDS MES PLACES ICI<\/mark><\/strong><\/a><\/div>\n<\/div>\n\n\n\n<div style=\"height:41px\" aria-hidden=\"true\" class=\"wp-block-spacer\"><\/div>\n\n\n<div class=\"wp-block-image\">\n<figure class=\"aligncenter size-full\"><a href=\"https:\/\/i0.wp.com\/auteursdetheatre.org\/wp-content\/uploads\/2025\/05\/PS1Z3766.jpg?ssl=1\"><img data-attachment-id=\"1989\" data-permalink=\"https:\/\/auteursdetheatre.org\/?attachment_id=1989\" data-orig-file=\"https:\/\/i0.wp.com\/auteursdetheatre.org\/wp-content\/uploads\/2025\/05\/PS1Z3766.jpg?fit=5557%2C3127&amp;ssl=1\" data-orig-size=\"5557,3127\" data-comments-opened=\"0\" data-image-meta=\"{&quot;aperture&quot;:&quot;2.8&quot;,&quot;credit&quot;:&quot;MASCARILLE&quot;,&quot;camera&quot;:&quot;DC-S1&quot;,&quot;caption&quot;:&quot;&quot;,&quot;created_timestamp&quot;:&quot;1717790946&quot;,&quot;copyright&quot;:&quot;ZEIZIG EMILE&quot;,&quot;focal_length&quot;:&quot;40&quot;,&quot;iso&quot;:&quot;640&quot;,&quot;shutter_speed&quot;:&quot;0.0125&quot;,&quot;title&quot;:&quot;&quot;,&quot;orientation&quot;:&quot;0&quot;}\" data-image-title=\"PS1Z3766\" data-image-description=\"\" data-image-caption=\"\" data-medium-file=\"https:\/\/i0.wp.com\/auteursdetheatre.org\/wp-content\/uploads\/2025\/05\/PS1Z3766.jpg?fit=300%2C169&amp;ssl=1\" data-large-file=\"https:\/\/i0.wp.com\/auteursdetheatre.org\/wp-content\/uploads\/2025\/05\/PS1Z3766.jpg?fit=760%2C428&amp;ssl=1\" decoding=\"async\" loading=\"lazy\" width=\"760\" height=\"428\" src=\"https:\/\/i0.wp.com\/auteursdetheatre.org\/wp-content\/uploads\/2025\/05\/PS1Z3766.jpg?resize=760%2C428&#038;ssl=1\" alt=\"\" class=\"wp-image-1989\" data-recalc-dims=\"1\"\/><\/a><figcaption class=\"wp-element-caption\">\u00a9 Emile ZEIZIG Les contemporaines \u00e9dition 2024<\/figcaption><\/figure><\/div>\n\n\n<h1 class=\"wp-block-heading has-text-align-center\"><strong>\u00c9dition 2025<\/strong><\/h1>\n\n\n\n<h1 class=\"wp-block-heading has-text-align-center\"><br><strong>PROGRAMMATION ARTISTIQUE 2025<\/strong><br><br><strong><em>Mardi 13 mai<\/em><\/strong><br>19h \ud83d\udc07 Le Tour de France \u2013 Agn\u00e8s Larroque<br>20h30 \ud83c\udfa4 CRASH TEST \u2013 Cl\u00e9mence Attar<br><strong><em><br>Mercredi 14 mai<\/em><\/strong><br>20h30\ud83d\udc14 Les Poules \u00e0 chair \u2013 Sylvain Septours<br><strong><em><br>Jeudi 15 mai<\/em><\/strong><br>19h00 \ud83d\udcfcCollet &#8211; Adrien d\u2019Hose<br>20h30 \ud83d\uddbc IN.CARNATIONS \u2013 S\u00e8djro Giovanni Houansou<br><strong><em><br>Vendredi 16 mai<\/em><\/strong><br>19h00\ud83c\udf4cTrop beau pour y voir \u2013 B\u00e9atrice Bienville<br>20h30 \ud83d\udcf8 fisha \u2013 Sarah Hassenforder<br><br><strong><em>Samedi 17 mai<\/em><\/strong><br>14h00\ud83c\udfde Histoires en libert\u00e9s \u2013 Jana Remond et Elio Jacquel<br>15h30\ud83d\uddbc IN.CARNATIONS \u2013 S\u00e8djro Giovanni Houansou<br>17h00\ud83c\udfa4 CRASH TEST \u2013 Cl\u00e9mence Attar<br>19h00\ud83d\udc0a65 rue d\u2019Aubagne \u2013 Mathilde Aurier<br>20h30\ud83d\udcf8 fisha \u2013 Sarah Hassenforder<br>21h30\ud83c\udfa7 DJ SET au casque<\/h1>\n\n\n\n<div style=\"height:51px\" aria-hidden=\"true\" class=\"wp-block-spacer\"><\/div>\n\n\n\n<div class=\"wp-block-buttons is-content-justification-center is-layout-flex wp-container-3 wp-block-buttons-is-layout-flex\">\n<div class=\"wp-block-button\"><a class=\"wp-block-button__link wp-element-button\" href=\"https:\/\/www.lescontemporaines.fr\/\" target=\"_blank\" rel=\"noreferrer noopener\"><strong><mark style=\"background-color:rgba(0, 0, 0, 0);color:#fa0083\" class=\"has-inline-color\">Plus d&rsquo;infos ici <\/mark><\/strong><\/a><\/div>\n<\/div>\n\n\n\n<div style=\"height:38px\" aria-hidden=\"true\" class=\"wp-block-spacer\"><\/div>\n\n\n\n<p class=\"has-text-align-center\"><strong>RETROUVEZ LE FESTIVAL LES CONTEMPORAINES SUR LES R\u00c9SEAUX SOCIAUX ! <\/strong><\/p>\n\n\n\n<div style=\"height:18px\" aria-hidden=\"true\" class=\"wp-block-spacer\"><\/div>\n\n\n\n<ul class=\"wp-block-social-links aligncenter has-large-icon-size is-content-justification-center is-layout-flex wp-container-4 wp-block-social-links-is-layout-flex\"><li class=\"wp-social-link wp-social-link-facebook  wp-block-social-link\"><a href=\"https:\/\/www.facebook.com\/FestivalLesContemporaines\" class=\"wp-block-social-link-anchor\"><svg width=\"24\" height=\"24\" viewBox=\"0 0 24 24\" version=\"1.1\" xmlns=\"http:\/\/www.w3.org\/2000\/svg\" aria-hidden=\"true\" focusable=\"false\"><path d=\"M12 2C6.5 2 2 6.5 2 12c0 5 3.7 9.1 8.4 9.9v-7H7.9V12h2.5V9.8c0-2.5 1.5-3.9 3.8-3.9 1.1 0 2.2.2 2.2.2v2.5h-1.3c-1.2 0-1.6.8-1.6 1.6V12h2.8l-.4 2.9h-2.3v7C18.3 21.1 22 17 22 12c0-5.5-4.5-10-10-10z\"><\/path><\/svg><span class=\"wp-block-social-link-label screen-reader-text\">Facebook<\/span><\/a><\/li>\n\n<li class=\"wp-social-link wp-social-link-instagram  wp-block-social-link\"><a href=\"https:\/\/www.instagram.com\/festival_les_contemporaines\/\" class=\"wp-block-social-link-anchor\"><svg width=\"24\" height=\"24\" viewBox=\"0 0 24 24\" version=\"1.1\" xmlns=\"http:\/\/www.w3.org\/2000\/svg\" aria-hidden=\"true\" focusable=\"false\"><path d=\"M12,4.622c2.403,0,2.688,0.009,3.637,0.052c0.877,0.04,1.354,0.187,1.671,0.31c0.42,0.163,0.72,0.358,1.035,0.673 c0.315,0.315,0.51,0.615,0.673,1.035c0.123,0.317,0.27,0.794,0.31,1.671c0.043,0.949,0.052,1.234,0.052,3.637 s-0.009,2.688-0.052,3.637c-0.04,0.877-0.187,1.354-0.31,1.671c-0.163,0.42-0.358,0.72-0.673,1.035 c-0.315,0.315-0.615,0.51-1.035,0.673c-0.317,0.123-0.794,0.27-1.671,0.31c-0.949,0.043-1.233,0.052-3.637,0.052 s-2.688-0.009-3.637-0.052c-0.877-0.04-1.354-0.187-1.671-0.31c-0.42-0.163-0.72-0.358-1.035-0.673 c-0.315-0.315-0.51-0.615-0.673-1.035c-0.123-0.317-0.27-0.794-0.31-1.671C4.631,14.688,4.622,14.403,4.622,12 s0.009-2.688,0.052-3.637c0.04-0.877,0.187-1.354,0.31-1.671c0.163-0.42,0.358-0.72,0.673-1.035 c0.315-0.315,0.615-0.51,1.035-0.673c0.317-0.123,0.794-0.27,1.671-0.31C9.312,4.631,9.597,4.622,12,4.622 M12,3 C9.556,3,9.249,3.01,8.289,3.054C7.331,3.098,6.677,3.25,6.105,3.472C5.513,3.702,5.011,4.01,4.511,4.511 c-0.5,0.5-0.808,1.002-1.038,1.594C3.25,6.677,3.098,7.331,3.054,8.289C3.01,9.249,3,9.556,3,12c0,2.444,0.01,2.751,0.054,3.711 c0.044,0.958,0.196,1.612,0.418,2.185c0.23,0.592,0.538,1.094,1.038,1.594c0.5,0.5,1.002,0.808,1.594,1.038 c0.572,0.222,1.227,0.375,2.185,0.418C9.249,20.99,9.556,21,12,21s2.751-0.01,3.711-0.054c0.958-0.044,1.612-0.196,2.185-0.418 c0.592-0.23,1.094-0.538,1.594-1.038c0.5-0.5,0.808-1.002,1.038-1.594c0.222-0.572,0.375-1.227,0.418-2.185 C20.99,14.751,21,14.444,21,12s-0.01-2.751-0.054-3.711c-0.044-0.958-0.196-1.612-0.418-2.185c-0.23-0.592-0.538-1.094-1.038-1.594 c-0.5-0.5-1.002-0.808-1.594-1.038c-0.572-0.222-1.227-0.375-2.185-0.418C14.751,3.01,14.444,3,12,3L12,3z M12,7.378 c-2.552,0-4.622,2.069-4.622,4.622S9.448,16.622,12,16.622s4.622-2.069,4.622-4.622S14.552,7.378,12,7.378z M12,15 c-1.657,0-3-1.343-3-3s1.343-3,3-3s3,1.343,3,3S13.657,15,12,15z M16.804,6.116c-0.596,0-1.08,0.484-1.08,1.08 s0.484,1.08,1.08,1.08c0.596,0,1.08-0.484,1.08-1.08S17.401,6.116,16.804,6.116z\"><\/path><\/svg><span class=\"wp-block-social-link-label screen-reader-text\">Instagram<\/span><\/a><\/li>\n\n<li class=\"wp-social-link wp-social-link-wordpress  wp-block-social-link\"><a href=\"https:\/\/www.lescontemporaines.fr\/\" class=\"wp-block-social-link-anchor\"><svg width=\"24\" height=\"24\" viewBox=\"0 0 24 24\" version=\"1.1\" xmlns=\"http:\/\/www.w3.org\/2000\/svg\" aria-hidden=\"true\" focusable=\"false\"><path d=\"M12.158,12.786L9.46,20.625c0.806,0.237,1.657,0.366,2.54,0.366c1.047,0,2.051-0.181,2.986-0.51 c-0.024-0.038-0.046-0.079-0.065-0.124L12.158,12.786z M3.009,12c0,3.559,2.068,6.634,5.067,8.092L3.788,8.341 C3.289,9.459,3.009,10.696,3.009,12z M18.069,11.546c0-1.112-0.399-1.881-0.741-2.48c-0.456-0.741-0.883-1.368-0.883-2.109 c0-0.826,0.627-1.596,1.51-1.596c0.04,0,0.078,0.005,0.116,0.007C16.472,3.904,14.34,3.009,12,3.009 c-3.141,0-5.904,1.612-7.512,4.052c0.211,0.007,0.41,0.011,0.579,0.011c0.94,0,2.396-0.114,2.396-0.114 C7.947,6.93,8.004,7.642,7.52,7.699c0,0-0.487,0.057-1.029,0.085l3.274,9.739l1.968-5.901l-1.401-3.838 C9.848,7.756,9.389,7.699,9.389,7.699C8.904,7.67,8.961,6.93,9.446,6.958c0,0,1.484,0.114,2.368,0.114 c0.94,0,2.397-0.114,2.397-0.114c0.485-0.028,0.542,0.684,0.057,0.741c0,0-0.488,0.057-1.029,0.085l3.249,9.665l0.897-2.996 C17.841,13.284,18.069,12.316,18.069,11.546z M19.889,7.686c0.039,0.286,0.06,0.593,0.06,0.924c0,0.912-0.171,1.938-0.684,3.22 l-2.746,7.94c2.673-1.558,4.47-4.454,4.47-7.771C20.991,10.436,20.591,8.967,19.889,7.686z M12,22C6.486,22,2,17.514,2,12 C2,6.486,6.486,2,12,2c5.514,0,10,4.486,10,10C22,17.514,17.514,22,12,22z\"><\/path><\/svg><span class=\"wp-block-social-link-label screen-reader-text\">WordPress<\/span><\/a><\/li><\/ul>\n","protected":false},"excerpt":{"rendered":"<p>FESTIVAL D&rsquo;\u00c9CRITURES DRAMATIQUES FRANCOPHONES EN M\u00c9TROPOLE LYONNAISE du 13 au\u00a017 mai 2025 A l&rsquo;Assembl\u00e9e, Fabrique artistique17 bis Rue Saint-Eus\u00e8be, 69003 Lyon \u00c9dition 2025 PROGRAMMATION ARTISTIQUE 2025 Mardi 13 mai19h \ud83d\udc07 Le Tour de France \u2013 Agn\u00e8s Larroque20h30 \ud83c\udfa4 CRASH TEST \u2013 Cl\u00e9mence AttarMercredi 14 mai20h30\ud83d\udc14 Les Poules \u00e0 chair \u2013 Sylvain SeptoursJeudi 15 mai19h00 \ud83d\udcfcCollet [&hellip;]<\/p>\n","protected":false},"author":2,"featured_media":0,"comment_status":"closed","ping_status":"open","sticky":false,"template":"","format":"standard","meta":{"_jetpack_newsletter_access":"","footnotes":""},"categories":[1],"tags":[],"jetpack_featured_media_url":"","jetpack_sharing_enabled":true,"jetpack_shortlink":"https:\/\/wp.me\/p9n5dd-xh","jetpack_likes_enabled":false,"jetpack-related-posts":[{"id":1860,"url":"https:\/\/auteursdetheatre.org\/?p=1860","url_meta":{"origin":2063,"position":0},"title":"Le Festival Les Contemporaines approche !","author":"Admin","date":"25 avril 2024","format":false,"excerpt":"La 3e \u00e9dition du festival Les Contemporaines aura lieu du 28 mai au 08 juin 2024 au Th\u00e9\u00e2tre National Populaire de Villeurbanne, \u00e0 la M\u00e9diath\u00e8que de Vaise, au Th\u00e9\u00e2tre de la Croix-Rousse,et au nid de poule. Festival d\u2019\u00e9critures contemporaines francophones en m\u00e9tropole lyonnaise DU 28 MAI AU 08 JUIN 2024\u2026","rel":"","context":"Dans &quot;Non class\u00e9&quot;","block_context":{"text":"Non class\u00e9","link":"https:\/\/auteursdetheatre.org\/?cat=1"},"img":{"alt_text":"","src":"https:\/\/i0.wp.com\/auteursdetheatre.org\/wp-content\/uploads\/2022\/03\/Logos-Les-Contemporaines-RVB-2-rose.png?resize=350%2C200&ssl=1","width":350,"height":200,"srcset":"https:\/\/i0.wp.com\/auteursdetheatre.org\/wp-content\/uploads\/2022\/03\/Logos-Les-Contemporaines-RVB-2-rose.png?resize=350%2C200&ssl=1 1x, https:\/\/i0.wp.com\/auteursdetheatre.org\/wp-content\/uploads\/2022\/03\/Logos-Les-Contemporaines-RVB-2-rose.png?resize=525%2C300&ssl=1 1.5x, https:\/\/i0.wp.com\/auteursdetheatre.org\/wp-content\/uploads\/2022\/03\/Logos-Les-Contemporaines-RVB-2-rose.png?resize=700%2C400&ssl=1 2x"},"classes":[]},{"id":1894,"url":"https:\/\/auteursdetheatre.org\/?p=1894","url_meta":{"origin":2063,"position":1},"title":"PALMAR\u00c8S JOURN\u00c9ES DE LYON 2025","author":"Admin","date":"8 octobre 2024","format":false,"excerpt":"Communiqu\u00e9 de presseDepuis plus de 30 ans, l\u2019association Les Journ\u00e9es de Lyon des Autrices et Auteurs de Th\u00e9\u00e2tre propose un concours d\u2019\u00e9criture et a pour objectif de d\u00e9couvrir et de faire conna\u00eetre les \u00e9critures dramatiques contemporaines, dans toute la diversit\u00e9 de leurs esth\u00e9tiques et th\u00e9matiques. L\u2019association \u0153uvre pour la d\u00e9couverte,\u2026","rel":"","context":"Dans &quot;Non class\u00e9&quot;","block_context":{"text":"Non class\u00e9","link":"https:\/\/auteursdetheatre.org\/?cat=1"},"img":{"alt_text":"","src":"https:\/\/i0.wp.com\/auteursdetheatre.org\/wp-content\/uploads\/2024\/10\/Logos-partenaires-V3.png?resize=350%2C200&ssl=1","width":350,"height":200,"srcset":"https:\/\/i0.wp.com\/auteursdetheatre.org\/wp-content\/uploads\/2024\/10\/Logos-partenaires-V3.png?resize=350%2C200&ssl=1 1x, https:\/\/i0.wp.com\/auteursdetheatre.org\/wp-content\/uploads\/2024\/10\/Logos-partenaires-V3.png?resize=525%2C300&ssl=1 1.5x, https:\/\/i0.wp.com\/auteursdetheatre.org\/wp-content\/uploads\/2024\/10\/Logos-partenaires-V3.png?resize=700%2C400&ssl=1 2x, https:\/\/i0.wp.com\/auteursdetheatre.org\/wp-content\/uploads\/2024\/10\/Logos-partenaires-V3.png?resize=1050%2C600&ssl=1 3x"},"classes":[]},{"id":2096,"url":"https:\/\/auteursdetheatre.org\/?p=2096","url_meta":{"origin":2063,"position":2},"title":"PALMAR\u00c8S JOURN\u00c9ES DE LYON 2026","author":"mascarille","date":"22 octobre 2025","format":false,"excerpt":"COMMUNIQUE DE PRESSE Depuis plus de 30 ans, Les Journ\u00e9es de Lyon des Autrices et Auteurs de Th\u00e9\u00e2tre (JLAAT) \u0153uvre pour la d\u00e9couverte, la promotion, l\u2019\u00e9dition et la diffusion de textes de th\u00e9\u00e2tre d\u2019autrices et d\u2019auteurs vivants, d\u2019expression fran\u00e7aise ou bien traduits en fran\u00e7ais.Le comit\u00e9 de lecture des JLAAT organise\u2026","rel":"","context":"Dans &quot;Non class\u00e9&quot;","block_context":{"text":"Non class\u00e9","link":"https:\/\/auteursdetheatre.org\/?cat=1"},"img":{"alt_text":"","src":"","width":0,"height":0},"classes":[]},{"id":1708,"url":"https:\/\/auteursdetheatre.org\/?p=1708","url_meta":{"origin":2063,"position":3},"title":"Palmar\u00e8s 2024","author":"Admin","date":"22 septembre 2023","format":false,"excerpt":"Communiqu\u00e9 de presse Depuis plus de 30 ans d\u2019existence, les Journ\u00e9es de Lyon se sont affirm\u00e9es comme l\u2019un des principaux concours d\u2019\u00e9criture dramatique francophone. En 2022, nous avons co-organis\u00e9 la premi\u00e8re \u00e9dition du festival Les Contemporaines au Th\u00e9\u00e2tre National Populaire et au Th\u00e9\u00e2tre de la Croix-Rousse avec En Acte(s) et\u2026","rel":"","context":"Dans &quot;Non class\u00e9&quot;","block_context":{"text":"Non class\u00e9","link":"https:\/\/auteursdetheatre.org\/?cat=1"},"img":{"alt_text":"","src":"https:\/\/i0.wp.com\/auteursdetheatre.org\/wp-content\/uploads\/2024\/10\/logos-partenaires-3.png?resize=350%2C200&ssl=1","width":350,"height":200,"srcset":"https:\/\/i0.wp.com\/auteursdetheatre.org\/wp-content\/uploads\/2024\/10\/logos-partenaires-3.png?resize=350%2C200&ssl=1 1x, https:\/\/i0.wp.com\/auteursdetheatre.org\/wp-content\/uploads\/2024\/10\/logos-partenaires-3.png?resize=525%2C300&ssl=1 1.5x, https:\/\/i0.wp.com\/auteursdetheatre.org\/wp-content\/uploads\/2024\/10\/logos-partenaires-3.png?resize=700%2C400&ssl=1 2x, https:\/\/i0.wp.com\/auteursdetheatre.org\/wp-content\/uploads\/2024\/10\/logos-partenaires-3.png?resize=1050%2C600&ssl=1 3x"},"classes":[]},{"id":1233,"url":"https:\/\/auteursdetheatre.org\/?p=1233","url_meta":{"origin":2063,"position":4},"title":"PALMAR\u00c8S 2023","author":"mascarille","date":"12 septembre 2022","format":false,"excerpt":"Communiqu\u00e9 de presse Depuis plus de 30 ans d\u2019existence, les Journ\u00e9es de Lyon se sont affirm\u00e9es comme l\u2019un des principaux concours d\u2019\u00e9criture dramatique francophone. En 2022, nous avons co-organis\u00e9 la premi\u00e8re \u00e9dition du festival Les Contemporaines au Th\u00e9\u00e2tre National Populaire et au Th\u00e9\u00e2tre de la Croix-Rousse avec En Acte(s). TEXTES\u2026","rel":"","context":"Dans &quot;Non class\u00e9&quot;","block_context":{"text":"Non class\u00e9","link":"https:\/\/auteursdetheatre.org\/?cat=1"},"img":{"alt_text":"","src":"https:\/\/i0.wp.com\/auteursdetheatre.org\/wp-content\/uploads\/2022\/09\/logos-1.png?resize=350%2C200&ssl=1","width":350,"height":200},"classes":[]},{"id":2108,"url":"https:\/\/auteursdetheatre.org\/?p=2108","url_meta":{"origin":2063,"position":5},"title":"OUVERTURE DE L&rsquo;APPEL \u00c0 TEXTE 2027","author":"mascarille","date":"11 d\u00e9cembre 2025","format":false,"excerpt":"L\u2019appel \u00e0 textes 2027 des Journ\u00e9es de Lyon des Autrices et Auteurs de Th\u00e9\u00e2tre sera ouvert\u00a0du 1er au 31 Janvier 2026 minuit (heure de Paris).\u00a0Il permettra de d\u00e9signer les laur\u00e9ates et laur\u00e9ats 2027. Merci de prendre connaissance du r\u00e8glement de l\u2019appel \u00e0 textes\u00a0ici\u00a0avant de d\u00e9poser votre texte. Vous pouvez nous\u2026","rel":"","context":"Dans &quot;Non class\u00e9&quot;","block_context":{"text":"Non class\u00e9","link":"https:\/\/auteursdetheatre.org\/?cat=1"},"img":{"alt_text":"","src":"https:\/\/i0.wp.com\/auteursdetheatre.org\/wp-content\/uploads\/2024\/12\/logo-JLAAT.png?resize=350%2C200&ssl=1","width":350,"height":200},"classes":[]}],"_links":{"self":[{"href":"https:\/\/auteursdetheatre.org\/index.php?rest_route=\/wp\/v2\/posts\/2063"}],"collection":[{"href":"https:\/\/auteursdetheatre.org\/index.php?rest_route=\/wp\/v2\/posts"}],"about":[{"href":"https:\/\/auteursdetheatre.org\/index.php?rest_route=\/wp\/v2\/types\/post"}],"author":[{"embeddable":true,"href":"https:\/\/auteursdetheatre.org\/index.php?rest_route=\/wp\/v2\/users\/2"}],"replies":[{"embeddable":true,"href":"https:\/\/auteursdetheatre.org\/index.php?rest_route=%2Fwp%2Fv2%2Fcomments&post=2063"}],"version-history":[{"count":7,"href":"https:\/\/auteursdetheatre.org\/index.php?rest_route=\/wp\/v2\/posts\/2063\/revisions"}],"predecessor-version":[{"id":2071,"href":"https:\/\/auteursdetheatre.org\/index.php?rest_route=\/wp\/v2\/posts\/2063\/revisions\/2071"}],"wp:attachment":[{"href":"https:\/\/auteursdetheatre.org\/index.php?rest_route=%2Fwp%2Fv2%2Fmedia&parent=2063"}],"wp:term":[{"taxonomy":"category","embeddable":true,"href":"https:\/\/auteursdetheatre.org\/index.php?rest_route=%2Fwp%2Fv2%2Fcategories&post=2063"},{"taxonomy":"post_tag","embeddable":true,"href":"https:\/\/auteursdetheatre.org\/index.php?rest_route=%2Fwp%2Fv2%2Ftags&post=2063"}],"curies":[{"name":"wp","href":"https:\/\/api.w.org\/{rel}","templated":true}]}}