{"id":2108,"date":"2025-12-11T16:25:10","date_gmt":"2025-12-11T15:25:10","guid":{"rendered":"https:\/\/auteursdetheatre.org\/?p=2108"},"modified":"2025-12-11T16:25:13","modified_gmt":"2025-12-11T15:25:13","slug":"ouverture-de-lappel-a-texte-2027","status":"publish","type":"post","link":"https:\/\/auteursdetheatre.org\/?p=2108","title":{"rendered":"OUVERTURE DE L&rsquo;APPEL \u00c0 TEXTE 2027"},"content":{"rendered":"\n<p><\/p>\n\n\n<div class=\"wp-block-image\">\n<figure class=\"aligncenter size-full is-resized\"><a href=\"https:\/\/i0.wp.com\/auteursdetheatre.org\/wp-content\/uploads\/2024\/12\/logo-JLAAT.png?ssl=1\"><img data-attachment-id=\"1943\" data-permalink=\"https:\/\/auteursdetheatre.org\/?attachment_id=1943\" data-orig-file=\"https:\/\/i0.wp.com\/auteursdetheatre.org\/wp-content\/uploads\/2024\/12\/logo-JLAAT.png?fit=402%2C410&amp;ssl=1\" data-orig-size=\"402,410\" data-comments-opened=\"0\" data-image-meta=\"{&quot;aperture&quot;:&quot;0&quot;,&quot;credit&quot;:&quot;&quot;,&quot;camera&quot;:&quot;&quot;,&quot;caption&quot;:&quot;&quot;,&quot;created_timestamp&quot;:&quot;0&quot;,&quot;copyright&quot;:&quot;&quot;,&quot;focal_length&quot;:&quot;0&quot;,&quot;iso&quot;:&quot;0&quot;,&quot;shutter_speed&quot;:&quot;0&quot;,&quot;title&quot;:&quot;&quot;,&quot;orientation&quot;:&quot;0&quot;}\" data-image-title=\"logo JLAAT\" data-image-description=\"\" data-image-caption=\"\" data-medium-file=\"https:\/\/i0.wp.com\/auteursdetheatre.org\/wp-content\/uploads\/2024\/12\/logo-JLAAT.png?fit=294%2C300&amp;ssl=1\" data-large-file=\"https:\/\/i0.wp.com\/auteursdetheatre.org\/wp-content\/uploads\/2024\/12\/logo-JLAAT.png?fit=402%2C410&amp;ssl=1\" decoding=\"async\" loading=\"lazy\" src=\"https:\/\/i0.wp.com\/auteursdetheatre.org\/wp-content\/uploads\/2024\/12\/logo-JLAAT.png?resize=305%2C311&#038;ssl=1\" alt=\"\" class=\"wp-image-1943\" style=\"width:305px;height:311px\" width=\"305\" height=\"311\" srcset=\"https:\/\/i0.wp.com\/auteursdetheatre.org\/wp-content\/uploads\/2024\/12\/logo-JLAAT.png?w=402&amp;ssl=1 402w, https:\/\/i0.wp.com\/auteursdetheatre.org\/wp-content\/uploads\/2024\/12\/logo-JLAAT.png?resize=294%2C300&amp;ssl=1 294w, https:\/\/i0.wp.com\/auteursdetheatre.org\/wp-content\/uploads\/2024\/12\/logo-JLAAT.png?resize=343%2C350&amp;ssl=1 343w\" sizes=\"(max-width: 305px) 100vw, 305px\" data-recalc-dims=\"1\" \/><\/a><\/figure><\/div>\n\n\n<p>L\u2019appel \u00e0 textes 2027 des Journ\u00e9es de Lyon des Autrices et Auteurs de Th\u00e9\u00e2tre sera ouvert\u00a0<strong><mark>du 1er au 31 Janvier 2026 minuit (heure de Paris).<\/mark><\/strong>\u00a0Il permettra de d\u00e9signer les laur\u00e9ates et laur\u00e9ats 2027.<\/p>\n\n\n\n<p>Merci de prendre connaissance du r\u00e8glement de l\u2019appel \u00e0 textes&nbsp;<a href=\"https:\/\/www.auteursdetheatre.org\/?page_id=892\"><mark>ici&nbsp;<\/mark><\/a>avant de d\u00e9poser votre texte. Vous pouvez nous contacter \u00e0&nbsp;<a href=\"mailto:journeesdelyon@gmail.com\">journeesdelyon@gmail.com<\/a>&nbsp;si vous ne trouvez pas de r\u00e9ponses \u00e0 vos questions au sein de notre site internet.<\/p>\n\n\n\n<figure class=\"wp-block-image size-full\"><a href=\"https:\/\/i0.wp.com\/auteursdetheatre.org\/wp-content\/uploads\/2025\/12\/65-rue-dAubagne.jpg?ssl=1\"><img data-attachment-id=\"2109\" data-permalink=\"https:\/\/auteursdetheatre.org\/?attachment_id=2109\" data-orig-file=\"https:\/\/i0.wp.com\/auteursdetheatre.org\/wp-content\/uploads\/2025\/12\/65-rue-dAubagne.jpg?fit=792%2C445&amp;ssl=1\" data-orig-size=\"792,445\" data-comments-opened=\"0\" data-image-meta=\"{&quot;aperture&quot;:&quot;1.8&quot;,&quot;credit&quot;:&quot;ZEIZIG EMILE&quot;,&quot;camera&quot;:&quot;DC-S5M2&quot;,&quot;caption&quot;:&quot;&quot;,&quot;created_timestamp&quot;:&quot;1747511684&quot;,&quot;copyright&quot;:&quot;MASCARILLE E ZEIZIG&quot;,&quot;focal_length&quot;:&quot;45&quot;,&quot;iso&quot;:&quot;125&quot;,&quot;shutter_speed&quot;:&quot;0.0125&quot;,&quot;title&quot;:&quot;&quot;,&quot;orientation&quot;:&quot;0&quot;}\" data-image-title=\"65-rue-dAubagne\" data-image-description=\"\" data-image-caption=\"\" data-medium-file=\"https:\/\/i0.wp.com\/auteursdetheatre.org\/wp-content\/uploads\/2025\/12\/65-rue-dAubagne.jpg?fit=300%2C169&amp;ssl=1\" data-large-file=\"https:\/\/i0.wp.com\/auteursdetheatre.org\/wp-content\/uploads\/2025\/12\/65-rue-dAubagne.jpg?fit=760%2C427&amp;ssl=1\" decoding=\"async\" loading=\"lazy\" width=\"760\" height=\"427\" src=\"https:\/\/i0.wp.com\/auteursdetheatre.org\/wp-content\/uploads\/2025\/12\/65-rue-dAubagne.jpg?resize=760%2C427&#038;ssl=1\" alt=\"\" class=\"wp-image-2109\" data-recalc-dims=\"1\"\/><\/a><\/figure>\n\n\n\n<p>Cr\u00e9dit photo : \u00a9Emile Zeizig &#8211; Les contemporaines 2025 \/ 65 rue d&rsquo;Aubagne <\/p>\n","protected":false},"excerpt":{"rendered":"<p>L\u2019appel \u00e0 textes 2027 des Journ\u00e9es de Lyon des Autrices et Auteurs de Th\u00e9\u00e2tre sera ouvert\u00a0du 1er au 31 Janvier 2026 minuit (heure de Paris).\u00a0Il permettra de d\u00e9signer les laur\u00e9ates et laur\u00e9ats 2027. Merci de prendre connaissance du r\u00e8glement de l\u2019appel \u00e0 textes&nbsp;ici&nbsp;avant de d\u00e9poser votre texte. Vous pouvez nous contacter \u00e0&nbsp;journeesdelyon@gmail.com&nbsp;si vous ne trouvez [&hellip;]<\/p>\n","protected":false},"author":4,"featured_media":0,"comment_status":"closed","ping_status":"open","sticky":false,"template":"","format":"standard","meta":{"_jetpack_newsletter_access":"","footnotes":""},"categories":[1],"tags":[],"jetpack_featured_media_url":"","jetpack_sharing_enabled":true,"jetpack_shortlink":"https:\/\/wp.me\/p9n5dd-y0","jetpack_likes_enabled":false,"jetpack-related-posts":[{"id":1950,"url":"https:\/\/auteursdetheatre.org\/?p=1950","url_meta":{"origin":2108,"position":0},"title":"OUVERTURE DE L&rsquo;APPEL A TEXTES 2026","author":"Admin","date":"17 d\u00e9cembre 2024","format":false,"excerpt":"L'appel \u00e0 textes 2026 des Journ\u00e9es de Lyon des Autrices et Auteurs de Th\u00e9\u00e2tre sera ouvert du 1er au 31 Janvier 2025 minuit (heure de Paris). Il permettra de d\u00e9signer les cinq laur\u00e9ates et laur\u00e9ats 2026. Merci de prendre connaissance du r\u00e8glement de l'appel \u00e0 textes ici avant de d\u00e9poser\u2026","rel":"","context":"Dans &quot;Non class\u00e9&quot;","block_context":{"text":"Non class\u00e9","link":"https:\/\/auteursdetheatre.org\/?cat=1"},"img":{"alt_text":"","src":"https:\/\/i0.wp.com\/auteursdetheatre.org\/wp-content\/uploads\/2024\/12\/logo-JLAAT.png?resize=350%2C200&ssl=1","width":350,"height":200},"classes":[]},{"id":2096,"url":"https:\/\/auteursdetheatre.org\/?p=2096","url_meta":{"origin":2108,"position":1},"title":"PALMAR\u00c8S JOURN\u00c9ES DE LYON 2026","author":"mascarille","date":"22 octobre 2025","format":false,"excerpt":"COMMUNIQUE DE PRESSE Depuis plus de 30 ans, Les Journ\u00e9es de Lyon des Autrices et Auteurs de Th\u00e9\u00e2tre (JLAAT) \u0153uvre pour la d\u00e9couverte, la promotion, l\u2019\u00e9dition et la diffusion de textes de th\u00e9\u00e2tre d\u2019autrices et d\u2019auteurs vivants, d\u2019expression fran\u00e7aise ou bien traduits en fran\u00e7ais.Le comit\u00e9 de lecture des JLAAT organise\u2026","rel":"","context":"Dans &quot;Non class\u00e9&quot;","block_context":{"text":"Non class\u00e9","link":"https:\/\/auteursdetheatre.org\/?cat=1"},"img":{"alt_text":"","src":"","width":0,"height":0},"classes":[]},{"id":1894,"url":"https:\/\/auteursdetheatre.org\/?p=1894","url_meta":{"origin":2108,"position":2},"title":"PALMAR\u00c8S JOURN\u00c9ES DE LYON 2025","author":"Admin","date":"8 octobre 2024","format":false,"excerpt":"Communiqu\u00e9 de presseDepuis plus de 30 ans, l\u2019association Les Journ\u00e9es de Lyon des Autrices et Auteurs de Th\u00e9\u00e2tre propose un concours d\u2019\u00e9criture et a pour objectif de d\u00e9couvrir et de faire conna\u00eetre les \u00e9critures dramatiques contemporaines, dans toute la diversit\u00e9 de leurs esth\u00e9tiques et th\u00e9matiques. L\u2019association \u0153uvre pour la d\u00e9couverte,\u2026","rel":"","context":"Dans &quot;Non class\u00e9&quot;","block_context":{"text":"Non class\u00e9","link":"https:\/\/auteursdetheatre.org\/?cat=1"},"img":{"alt_text":"","src":"https:\/\/i0.wp.com\/auteursdetheatre.org\/wp-content\/uploads\/2024\/10\/Logos-partenaires-V3.png?resize=350%2C200&ssl=1","width":350,"height":200,"srcset":"https:\/\/i0.wp.com\/auteursdetheatre.org\/wp-content\/uploads\/2024\/10\/Logos-partenaires-V3.png?resize=350%2C200&ssl=1 1x, https:\/\/i0.wp.com\/auteursdetheatre.org\/wp-content\/uploads\/2024\/10\/Logos-partenaires-V3.png?resize=525%2C300&ssl=1 1.5x, https:\/\/i0.wp.com\/auteursdetheatre.org\/wp-content\/uploads\/2024\/10\/Logos-partenaires-V3.png?resize=700%2C400&ssl=1 2x, https:\/\/i0.wp.com\/auteursdetheatre.org\/wp-content\/uploads\/2024\/10\/Logos-partenaires-V3.png?resize=1050%2C600&ssl=1 3x"},"classes":[]},{"id":1233,"url":"https:\/\/auteursdetheatre.org\/?p=1233","url_meta":{"origin":2108,"position":3},"title":"PALMAR\u00c8S 2023","author":"mascarille","date":"12 septembre 2022","format":false,"excerpt":"Communiqu\u00e9 de presse Depuis plus de 30 ans d\u2019existence, les Journ\u00e9es de Lyon se sont affirm\u00e9es comme l\u2019un des principaux concours d\u2019\u00e9criture dramatique francophone. En 2022, nous avons co-organis\u00e9 la premi\u00e8re \u00e9dition du festival Les Contemporaines au Th\u00e9\u00e2tre National Populaire et au Th\u00e9\u00e2tre de la Croix-Rousse avec En Acte(s). TEXTES\u2026","rel":"","context":"Dans &quot;Non class\u00e9&quot;","block_context":{"text":"Non class\u00e9","link":"https:\/\/auteursdetheatre.org\/?cat=1"},"img":{"alt_text":"","src":"https:\/\/i0.wp.com\/auteursdetheatre.org\/wp-content\/uploads\/2022\/09\/logos-1.png?resize=350%2C200&ssl=1","width":350,"height":200},"classes":[]},{"id":1708,"url":"https:\/\/auteursdetheatre.org\/?p=1708","url_meta":{"origin":2108,"position":4},"title":"Palmar\u00e8s 2024","author":"Admin","date":"22 septembre 2023","format":false,"excerpt":"Communiqu\u00e9 de presse Depuis plus de 30 ans d\u2019existence, les Journ\u00e9es de Lyon se sont affirm\u00e9es comme l\u2019un des principaux concours d\u2019\u00e9criture dramatique francophone. En 2022, nous avons co-organis\u00e9 la premi\u00e8re \u00e9dition du festival Les Contemporaines au Th\u00e9\u00e2tre National Populaire et au Th\u00e9\u00e2tre de la Croix-Rousse avec En Acte(s) et\u2026","rel":"","context":"Dans &quot;Non class\u00e9&quot;","block_context":{"text":"Non class\u00e9","link":"https:\/\/auteursdetheatre.org\/?cat=1"},"img":{"alt_text":"","src":"https:\/\/i0.wp.com\/auteursdetheatre.org\/wp-content\/uploads\/2024\/10\/logos-partenaires-3.png?resize=350%2C200&ssl=1","width":350,"height":200,"srcset":"https:\/\/i0.wp.com\/auteursdetheatre.org\/wp-content\/uploads\/2024\/10\/logos-partenaires-3.png?resize=350%2C200&ssl=1 1x, https:\/\/i0.wp.com\/auteursdetheatre.org\/wp-content\/uploads\/2024\/10\/logos-partenaires-3.png?resize=525%2C300&ssl=1 1.5x, https:\/\/i0.wp.com\/auteursdetheatre.org\/wp-content\/uploads\/2024\/10\/logos-partenaires-3.png?resize=700%2C400&ssl=1 2x, https:\/\/i0.wp.com\/auteursdetheatre.org\/wp-content\/uploads\/2024\/10\/logos-partenaires-3.png?resize=1050%2C600&ssl=1 3x"},"classes":[]},{"id":1265,"url":"https:\/\/auteursdetheatre.org\/?p=1265","url_meta":{"origin":2108,"position":5},"title":"OUVERTURE DU CONCOURS","author":"mascarille","date":"21 d\u00e9cembre 2022","format":false,"excerpt":"Le prochain concours des Journ\u00e9es de Lyon des Auteurs de Th\u00e9\u00e2tre sera ouvert du 1er au 31 Janvier 2023 minuit (heure de Paris). Il permettra de d\u00e9signer les cinq laur\u00e9ats 2024. Merci de prendre connaissance du r\u00e8glement du concours avant de d\u00e9poser votre texte. Vous pouvez nous contacter \u00e0 jlatauteurs@gmail.com\u2026","rel":"","context":"Dans &quot;Non class\u00e9&quot;","block_context":{"text":"Non class\u00e9","link":"https:\/\/auteursdetheatre.org\/?cat=1"},"img":{"alt_text":"","src":"","width":0,"height":0},"classes":[]}],"_links":{"self":[{"href":"https:\/\/auteursdetheatre.org\/index.php?rest_route=\/wp\/v2\/posts\/2108"}],"collection":[{"href":"https:\/\/auteursdetheatre.org\/index.php?rest_route=\/wp\/v2\/posts"}],"about":[{"href":"https:\/\/auteursdetheatre.org\/index.php?rest_route=\/wp\/v2\/types\/post"}],"author":[{"embeddable":true,"href":"https:\/\/auteursdetheatre.org\/index.php?rest_route=\/wp\/v2\/users\/4"}],"replies":[{"embeddable":true,"href":"https:\/\/auteursdetheatre.org\/index.php?rest_route=%2Fwp%2Fv2%2Fcomments&post=2108"}],"version-history":[{"count":1,"href":"https:\/\/auteursdetheatre.org\/index.php?rest_route=\/wp\/v2\/posts\/2108\/revisions"}],"predecessor-version":[{"id":2110,"href":"https:\/\/auteursdetheatre.org\/index.php?rest_route=\/wp\/v2\/posts\/2108\/revisions\/2110"}],"wp:attachment":[{"href":"https:\/\/auteursdetheatre.org\/index.php?rest_route=%2Fwp%2Fv2%2Fmedia&parent=2108"}],"wp:term":[{"taxonomy":"category","embeddable":true,"href":"https:\/\/auteursdetheatre.org\/index.php?rest_route=%2Fwp%2Fv2%2Fcategories&post=2108"},{"taxonomy":"post_tag","embeddable":true,"href":"https:\/\/auteursdetheatre.org\/index.php?rest_route=%2Fwp%2Fv2%2Ftags&post=2108"}],"curies":[{"name":"wp","href":"https:\/\/api.w.org\/{rel}","templated":true}]}}