{"id":897,"date":"2020-09-09T10:23:05","date_gmt":"2020-09-09T09:23:05","guid":{"rendered":"https:\/\/www.auteursdetheatre.org\/?p=897"},"modified":"2020-09-09T10:36:16","modified_gmt":"2020-09-09T09:36:16","slug":"journees-de-lyon-2020","status":"publish","type":"post","link":"https:\/\/auteursdetheatre.org\/?p=897","title":{"rendered":"Journ\u00e9es de Lyon 2020"},"content":{"rendered":"\n<p class=\"has-text-align-right has-text-color has-medium-font-size\" style=\"color:#00a3ff\">vendredi 2 octobre au Nouveau th\u00e9\u00e2tre du 8e (NTH8)<br>samedi 3 octobre au Th\u00e9\u00e2tre de l\u2019iris \u00e0 Villeurbanne<\/p>\n\n\n\n<p class=\"has-small-font-size\"><strong>COVID19 :<\/strong><br><em>Votre sant\u00e9 est notre priorit\u00e9, nous mettons tout en \u0153uvre pour la garantir et la coop\u00e9ration de chacun est n\u00e9cessaire.<br>Nous vous demandons le port du masque pour les repr\u00e9sentations, les placements se feront dans le respect des distances recommand\u00e9es. Du gel hydroalcoolique sera disponible \u00e0 l\u2019accueil.<\/em><\/p>\n\n\n\n<p><strong>R\u00e9servations obligatoires en ligne<\/strong> : Les inscriptions seront disponibles sur ce site \u00e0 partir du 15 septembre accompagn\u00e9es des derni\u00e8res consignes sanitaires.<\/p>\n\n\n\n<p class=\"has-large-font-size\"><strong>PROGRAMME<\/strong><\/p>\n\n\n\n<div class=\"wp-block-file\"><a href=\"https:\/\/www.auteursdetheatre.org\/wp-content\/uploads\/2020\/09\/Plaquette-programme-2020.pdf\">Plaquette-programme-2020<\/a><a href=\"https:\/\/www.auteursdetheatre.org\/wp-content\/uploads\/2020\/09\/Plaquette-programme-2020.pdf\" class=\"wp-block-file__button\" download>T\u00e9l\u00e9charger<\/a><\/div>\n\n\n\n<p class=\"has-text-align-center has-medium-font-size\"><strong><em>VENDREDI 2 OCTOBRE \u00e0 19h<\/em><\/strong> &#8211; <strong><em>NTH8 \/ LYON<\/em><\/strong><\/p>\n\n\n\n<p><strong>CATH\u00c9DRALE DES COCHONS<\/strong> de<strong> Jean D\u2019AM\u00c9RIQUE<\/strong> (Ha\u00efti) \u2022 <em>\u00c9ditions Th\u00e9\u00e2trales<\/em><br>mise en voix : Christian TAPONARD \/ Groupe D\u00e9cembre<\/p>\n\n\n\n<p>avec : Jean Malik AMARA, Alain LAMARCHE (son improvis\u00e9)<\/p>\n\n\n\n<p class=\"has-text-align-right\">Prix Jean-Jacques Lerrant<\/p>\n\n\n\n<p class=\"has-small-font-size\"><em>Dans une prison ha\u00eftienne, apr\u00e8s les \u00e9meutes de Port au Prince, un po\u00e8te enferm\u00e9 hurle sa douleur, ses humiliations, sa solitude \u00e0 celui qu\u2019il aime et dont il est s\u00e9par\u00e9. \u00ab La parole po\u00e9tique est la premi\u00e8re arme d\u2019existence \u00bb dit l\u2019auteur.<br>C\u2019est un monologue \u00e0 l\u2019\u00e9criture puissante et d\u00e9vastatrice, une m\u00e9lop\u00e9e scand\u00e9e et slam\u00e9e qui d\u00e9nonce, avec la fougue d\u2019un lyrisme \u00e9chevel\u00e9, un r\u00e9gime totalitaire servi par sa police, ses<br>politiques et ses religieux.<\/em><\/p>\n\n\n\n<p class=\"has-small-font-size\">Jean D\u2019AM\u00c9RIQUE, po\u00e8te et dramaturge est n\u00e9 en 1994 en Ha\u00efti.<br>Il vit entre Paris et Bruxelles, anime des ateliers d\u2019\u00e9criture, contribue \u00e0 plusieurs revues litt\u00e9raires et fait des lectures publiques pour donner voix \u00e0 ses textes po\u00e9tiques. Il a publi\u00e9 <em>Petite fleur du ghetto <\/em>(Atelier Jeudi Soir, 2015 ; maelstr\u00d6m, 2019), mention sp\u00e9ciale du Prix Ren\u00e9 Philoct\u00e8te de la po\u00e9sie, et <em>Nul chemin dans la peau que saignante \u00e9treinte<\/em> (Cheyne, 2017), Prix de po\u00e9sie de la Vocation. Il est \u00e9galement l\u2019auteur de plusieurs pi\u00e8ces de th\u00e9\u00e2tre, souvent rep\u00e9r\u00e9es par des dispositifs d\u00e9di\u00e9s aux \u00e9critures dramatiques contemporaines, et mises en lecture ou au plateau.<\/p>\n\n\n\n<p class=\"has-text-align-center has-medium-font-size\"><strong><em>VENDREDI 2 OCTOBRE \u00e0 20h45<\/em><\/strong>&#8211; <strong><em>NTH8 \/ LYON<\/em><\/strong><\/p>\n\n\n\n<p><strong>RAVAGES<\/strong> de <strong>Dani\u00e8le LEBLANC<\/strong> (Qu\u00e9bec) \u2022 <em>Lansman \u00e9diteur<\/em><\/p>\n\n\n\n<p>mise en voix : Maxime MANSION \/ Cie EN ACTE(S)<\/p>\n\n\n\n<p>avec : Pauline COFFRE, Olivier BORLE, Pierre GERMAIN, S\u00e9bastien QUENCEZ (Musique)<\/p>\n\n\n\n<p class=\"has-small-font-size\"><em>Sur les terres froides du Grand Nord canadien se joue un drame fratricide avec des traces de sang sur la neige\u2026. Des \u00eatres en souffrance, une jeune femme et deux fr\u00e8res t\u00e2chent de trouver un sens \u00e0 leur existence dans ce pays rude o\u00f9 il faut savoir r\u00e9sister.<br>Un texte puissant, \u00e9pique qui m\u00eale r\u00e9cit et dialogues avec juste une pointe d\u2019accent.<\/em><\/p>\n\n\n\n<p class=\"has-small-font-size\">Dani\u00e8le LEBLANC,form\u00e9e en Litt\u00e9rature et en Art dramatique \u00e0 Montr\u00e9al, travaille comme metteuse en sc\u00e8ne, sc\u00e9nographe et professeure. Elle a r\u00e9alis\u00e9 la mise en sc\u00e8ne de quelques textes de Beckett dont <em>Acte sans paroles I <\/em>qui lui aura valu d\u2019\u00eatre remarqu\u00e9e de la critique. Elle<br>pratique les arts visuels, compl\u00e9mentaires au travail d\u2019\u00e9criture et de mise en sc\u00e8ne. <em>Ravages<\/em> est son premier texte dramatique<\/p>\n\n\n\n<p class=\"has-text-align-center has-medium-font-size\"><strong><em>SAMEDI 3 OCTOBRE \u00e0 17h &#8211; TH\u00c9\u00c2TRE DE L\u2019IRIS \u00e0 VILLEURBANNE<\/em><\/strong><\/p>\n\n\n\n<p><strong>POLYWERE<\/strong> de <strong>Catherine<\/strong> <strong>MONIN<\/strong> (France) \u2022 <em>Quartett \u00e9ditions<\/em><\/p>\n\n\n\n<p>mise en voix : Lionel ARMAND \/ Cie Les D\u00e9sax\u00e9sTh\u00e9\u00e2tre<\/p>\n\n\n\n<p>avec : Anthony LI\u00c9BAULT, Anne-Laure SANCHEZ, Thierry VENNESSON, Jean-Christophe VERMOT-GAUCHY<\/p>\n\n\n\n<p class=\"has-small-font-size\"><em>Une plong\u00e9e dans la sauvagerie, une initiation \u00e0 l\u2019animalit\u00e9 mais aussi un questionnement sur l\u2019humain, \u00e0 travers la m\u00e9tamorphose d\u2019un jeune gar\u00e7on traumatis\u00e9 \u00e0 vie apr\u00e8s avoir accompagn\u00e9 un parent \u00e0 la chasse. Sa bascule dans le monde animal, son apprentissage d\u2019une autre sensualit\u00e9 sont traduits par une po\u00e9sie sensorielle et une \u00e9criture syncop\u00e9e qui fait palpiter les phrases.<\/em><\/p>\n\n\n\n<p class=\"has-small-font-size\">Catherine MONIN, autrice et com\u00e9dienne, a particip\u00e9 \u00e0 plusieurs \u00e9critures th\u00e9\u00e2trales. Elle a \u00e9crit <em>Le Nord Perdu<\/em> (\u00c9ditions l\u2019Harmattan) qui a fait l\u2019objet d\u2019une cr\u00e9ation au Th\u00e9\u00e2tre des Doms d\u2019Avignon soutenue par la Drac Paca et <em>\u00c0 Titre Provisoire<\/em> (\u00c9ditions l\u2019Harmattan), cr\u00e9\u00e9 au Th\u00e9\u00e2tre des Halles au festival d\u2019Avignon 2014, \u00e9galement soutenu par la Drac. En 2019, elle r\u00e9pond \u00e0 deux commandes d\u2019\u00e9criture : <em>In two <\/em>(Cie tandaim &#8211; A. Tobelaim) actuellement en tourn\u00e9e et <em>Face \u00e0 Face <\/em>(Installation d\u00e9ambulatoire Th\u00e9atre transversal) Elle a \u00e9t\u00e9 en r\u00e9sidence \u00e0 la Chartreuse \u00e0 plusieurs reprises notamment en 2016 pour amorcer l\u2019\u00e9criture de <em>Polywere<\/em>.<\/p>\n\n\n\n<p class=\"has-text-align-center has-medium-font-size\"><strong><em>SAMEDI 3 OCTOBRE \u00e0 19h &#8211; TH\u00c9\u00c2TRE DE L\u2019IRIS \u00e0 VILLEURBANNE<\/em><\/strong><\/p>\n\n\n\n<p><strong>PINGOUIN (discours amoureux)<\/strong> de <strong>Sarah CARR\u00c9<\/strong> (France) \u2022 <em>\u00c9ditions Th\u00e9\u00e2trales<\/em><\/p>\n\n\n\n<p>mise en voix : Pauline HERCULE \/ Cie Germ36,<\/p>\n\n\n\n<p>avec : Heidi BECKER BABEL, Marguerite DEHORS, Pierre GERMAIN<\/p>\n\n\n\n<p class=\"has-small-font-size\"><em>Fragment du discours amoureux chez les tr\u00e8s jeunes : Ab\u00e9lard (qui a perdu son H\u00e9lo\u00efse) et Amazone, petite fille d\u00e9lur\u00e9e, s\u2019essaient \u00e0 un marivaudage plein de fra\u00eecheur mais aussi coquin. C\u2019est dr\u00f4le mais subtil, l\u2019\u00e9criture ancr\u00e9e dans la r\u00e9alit\u00e9 d\u2019aujourd\u2019hui est agile et maligne. Chaque adulte retrouvera, dans ce monde de l\u2019enfance, beaucoup de lui-m\u00eame\u2026<\/em><\/p>\n\n\n\n<p class=\"has-small-font-size\">Sarah CARR\u00c9, autrice, codirige l\u2019Embellie Cie, avec le metteur en sc\u00e8ne St\u00e9phane Boucherie. Pour la jeunesse elle a \u00e9crit Richard, <em>Le M\u00e9tronoRme, Screens<\/em>, <em>Une cosmonaute est un souci dans notre galaxie<\/em>, <em>Bab\u00efl<\/em> (17e Prix de la pi\u00e8ce de th\u00e9\u00e2tre contemporain pour le jeune public, s\u00e9lection \u00abP\u00e9pite Fiction junior 2019\u00bb du Salon du livre jeunesse de Montreuil). En 2020, <em>Sur la t\u00eate de Rog\u00e9e<\/em> para\u00eetra dans le recueil <em>Libert\u00e9, \u00e9galit\u00e9\u2026<\/em> <em>Pingouin (discours amoureux) <\/em>&#8211; soutenu par le CNL et s\u00e9lection du comit\u00e9 de lecture jeunesse des EAT- sera cr\u00e9\u00e9 en f\u00e9vrier 2021 par Patrice Douchet au Th\u00e9\u00e2tre de la T\u00eate Noire. Son oeuvre jeunesse est publi\u00e9e aux \u00c9ditions th\u00e9\u00e2trales et chez Lansman \u00c9diteur.<\/p>\n\n\n\n<p class=\"has-text-align-center has-medium-font-size\"><strong><em>SAMEDI 3 OCTOBRE \u00e0 20h45 &#8211; TH\u00c9\u00c2TRE DE L\u2019IRIS \u00e0 VILLEURBANNE<\/em><\/strong><\/p>\n\n\n\n<p><strong>LE SOURIRE CRUCIFI\u00c9 DE LA BIENS\u00c9ANCE<\/strong> d\u2019<strong>Ariane VON BERENDT <\/strong>(France) \u2022 <em>Lansman \u00e9diteur<\/em><\/p>\n\n\n\n<p>mise en voix : Thierry MENNESSIER<\/p>\n\n\n\n<p>avec : Anne DE BOISSY, Guillaine DIOUDONNAT, R\u00e9mi RAUZIER, Jean Philippe SALERIO, Laurent ZISERMAN<\/p>\n\n\n\n<p class=\"has-small-font-size\"><em>R\u00e9cit d\u2019apprentissage dans lequel Berthe, jeune com\u00e9dienne singuli\u00e8re, se confronte, avec un sens r\u00e9jouissant de la transgression, \u00e0 diff\u00e9rents univers : la culture, la finance, la politique&#8230;. \u00c0 chaque fin de partie elle crucifie la Biens\u00e9ance par une chanson de son cru ! Il y a de l\u2019insolence dans cette satire ravageuse o\u00f9 les mots sont en d\u00e9lire.<\/em><\/p>\n\n\n\n<p class=\"has-small-font-size\">Ariane VON BERENDT est com\u00e9dienne, chanteuse, elle touche aussi bien \u00e0 l\u2019accord\u00e9on qu\u2019\u00e0 l\u2019\u00e9criture et \u00e0 la mise en sc\u00e8ne. Des bancs des classes pr\u00e9paratoires litt\u00e9raires \u00e0 la rue o\u00f9 elle s\u2019\u00e9poumone en compagnie d\u2019un clown, de l\u2019ENSATT \u00e0 la steppe eurasiatique o\u00f9 elle chante avec une ancienne \u00e9toile de la Star Ac\u2019 russe, du Th\u00e9\u00e2tre de la T\u00eate Noire au festival de la Mousson d\u2019\u00e9t\u00e9, en passant par les lectures radiophoniques, spectacles divers, \u00e9coles et centres p\u00e9nitentiaires, comit\u00e9s de lecture, Ariane von Berendt donne libre cours \u00e0 son temp\u00e9rament artistique en ch\u00e9rissant l\u2019hybridit\u00e9. Elle fonde la compagnie SERPINE en 2020, avec comme premier spectacle <em>Le Petit Cabaret faisand\u00e9.<\/em><\/p>\n\n\n\n<p class=\"has-large-font-size\"><strong>INFORMATIONS PRATIQUES<\/strong><\/p>\n\n\n\n<p>Entr\u00e9es gratuites \u00e0 toutes les manifestations<\/p>\n\n\n\n<p>R\u00e9servations obligatoires en ligne sur ce site \u00e0 partir du 15 septembre<\/p>\n\n\n\n<p>Les consignes sanitaires \u00e9tant \u00e9volutives, merci de consulter ce site r\u00e9guli\u00e8rement.<\/p>\n\n\n\n<p class=\"has-text-align-center\"><strong>ACC\u00c8S :<\/strong><br>utilisez les transports en commun ou co-voiturez !<\/p>\n\n\n\n<p class=\"has-text-align-center\"><strong>NTH8 \/Nouveau th\u00e9\u00e2tre du 8e<\/strong><\/p>\n\n\n\n<p>22 rue du Commandant P\u00e9gout<br>69008 Lyon<br>T\u00e9l. 04 78 78 33 30<br>Tram T4 \u2013 arr\u00eat professeur Beauvisage \/ CISL<\/p>\n\n\n\n<p class=\"has-text-align-center\"><strong>Th\u00e9\u00e2tre de l\u2019Iris<\/strong><\/p>\n\n\n\n<p>331 rue Francis de Pressens\u00e9<br>69100 Villeurbanne<br>T\u00e9l. 04 78 68 86 49<br>M\u00e9tro A &#8211; arr\u00eat Cusset<br>C17 &#8211; arr\u00eat Cusset<\/p>\n\n\n\n<p class=\"has-large-font-size\"><strong>\u00c0 NOTER<\/strong><\/p>\n\n\n\n<p class=\"has-normal-font-size\"><strong>CERCLE DE LECTEURS<\/strong> de la M\u00e9diath\u00e8que de Vaise<br><strong>samedi 26 septembre \/ 10 h &#8211; 12 h<\/strong> &#8211; M\u00e9diath\u00e8que de Vaise<\/p>\n\n\n\n<p class=\"has-small-font-size\"><em>Le Cercle des lecteurs de la M\u00e9diath\u00e8que de Vaise se r\u00e9unit un samedi par mois pour partager ses coups de c\u0153ur. Cette matin\u00e9e sera consacr\u00e9e \u00e0 la d\u00e9couverte des textes laur\u00e9ats des Journ\u00e9es de Lyon des auteurs de th\u00e9\u00e2tre 2020.<\/em><\/p>\n\n\n\n<p><strong>TEMPS DU CONTE \/ SP\u00c9CIAL TH\u00c9\u00c2TRE<\/strong><br><strong>mercredi 30 septembre \/ 16 h<\/strong> &#8211; M\u00e9diath\u00e8que de Vaise<\/p>\n\n\n\n<p class=\"has-small-font-size\"><em>Un moment de th\u00e9\u00e2tre partag\u00e9 avec les enfants, \u00e0 partir de 7 ans, anim\u00e9 par les biblioth\u00e9caires.<br>Dur\u00e9e 30 minutes.<\/em><\/p>\n\n\n\n<p><strong>LUNDI EN COULISSE<\/strong><br><strong>lundi 16 novembre \/ 10 h &#8211; 18 h <\/strong>&#8211; Th\u00e9\u00e2tre Nouvelle G\u00e9n\u00e9ration (CDN)<\/p>\n\n\n\n<p><em>Lectures organis\u00e9es et propos\u00e9es par le Th\u00e9\u00e2tre Narration.<\/em><\/p>\n\n\n\n<p>Gislaine DRAHY consacre cette journ\u00e9e \u00e0 la lecture\/d\u00e9couverte de certains textes remarqu\u00e9s par le jury :<br>St\u00e9phane BONNARD, <em>Ici (Et maintenant)<\/em><br>Groupe Petrol, <em>Le souffle et sa renverse<\/em><br>Laura TIRANDAZ, <em>Feu la nuit<\/em><br>Romain NICOLAS, <em>Minable umain blurnout<\/em><br>Mariette NAVARRO, <em>Les d\u00e9sordres imaginaires<\/em><br>Yan ALLEGRET, <em>Jeanne<\/em><br>Marion CHOBERT et Emanuel CAMPO, <em>La Comp\u00e9tition<\/em><\/p>\n\n\n\n<p><strong>FESTIVAL NATIONAL DE THEATRE CONTEMPORAIN AMATEUR<\/strong> de Ch\u00e2tillon-sur-Chalaronne<\/p>\n\n\n\n<p><strong>Du 12 au 16 mai 2021<\/strong> : mise en voix de textes remarqu\u00e9s pendant le concours 2020<\/p>\n","protected":false},"excerpt":{"rendered":"<p>vendredi 2 octobre au Nouveau th\u00e9\u00e2tre du 8e (NTH8)samedi 3 octobre au Th\u00e9\u00e2tre de l\u2019iris \u00e0 Villeurbanne COVID19 :Votre sant\u00e9 est notre priorit\u00e9, nous mettons tout en \u0153uvre pour la garantir et la coop\u00e9ration de chacun est n\u00e9cessaire.Nous vous demandons le port du masque pour les repr\u00e9sentations, les placements se feront dans le respect des [&hellip;]<\/p>\n","protected":false},"author":4,"featured_media":0,"comment_status":"closed","ping_status":"open","sticky":false,"template":"","format":"standard","meta":{"_jetpack_newsletter_access":"","footnotes":""},"categories":[1],"tags":[],"jetpack_featured_media_url":"","jetpack_sharing_enabled":true,"jetpack_shortlink":"https:\/\/wp.me\/p9n5dd-et","jetpack_likes_enabled":false,"jetpack-related-posts":[],"_links":{"self":[{"href":"https:\/\/auteursdetheatre.org\/index.php?rest_route=\/wp\/v2\/posts\/897"}],"collection":[{"href":"https:\/\/auteursdetheatre.org\/index.php?rest_route=\/wp\/v2\/posts"}],"about":[{"href":"https:\/\/auteursdetheatre.org\/index.php?rest_route=\/wp\/v2\/types\/post"}],"author":[{"embeddable":true,"href":"https:\/\/auteursdetheatre.org\/index.php?rest_route=\/wp\/v2\/users\/4"}],"replies":[{"embeddable":true,"href":"https:\/\/auteursdetheatre.org\/index.php?rest_route=%2Fwp%2Fv2%2Fcomments&post=897"}],"version-history":[{"count":9,"href":"https:\/\/auteursdetheatre.org\/index.php?rest_route=\/wp\/v2\/posts\/897\/revisions"}],"predecessor-version":[{"id":908,"href":"https:\/\/auteursdetheatre.org\/index.php?rest_route=\/wp\/v2\/posts\/897\/revisions\/908"}],"wp:attachment":[{"href":"https:\/\/auteursdetheatre.org\/index.php?rest_route=%2Fwp%2Fv2%2Fmedia&parent=897"}],"wp:term":[{"taxonomy":"category","embeddable":true,"href":"https:\/\/auteursdetheatre.org\/index.php?rest_route=%2Fwp%2Fv2%2Fcategories&post=897"},{"taxonomy":"post_tag","embeddable":true,"href":"https:\/\/auteursdetheatre.org\/index.php?rest_route=%2Fwp%2Fv2%2Ftags&post=897"}],"curies":[{"name":"wp","href":"https:\/\/api.w.org\/{rel}","templated":true}]}}