{"id":939,"date":"2020-10-10T09:49:37","date_gmt":"2020-10-10T08:49:37","guid":{"rendered":"https:\/\/www.auteursdetheatre.org\/?p=939"},"modified":"2020-10-10T09:59:48","modified_gmt":"2020-10-10T08:59:48","slug":"oui-cest-du-theatre","status":"publish","type":"post","link":"https:\/\/auteursdetheatre.org\/?p=939","title":{"rendered":"Oui, c&rsquo;est du th\u00e9\u00e2tre"},"content":{"rendered":"\n<p class=\"has-white-color has-black-background-color has-text-color has-background\"><strong>Les Journ\u00e9es de Lyon des Auteurs de Th\u00e9\u00e2tre d\u00e9cryptent les \u00e9critures contemporaines<\/strong><\/p>\n\n\n\n<p>Pr\u00e9face de <strong>Jean-Yves Picq<\/strong> : Une certaine \u00e9motion, un peu inattendue, nous gagne quand on referme cet ouvrage sur les trente ans des Journ\u00e9es de Lyon des Auteurs de Th\u00e9\u00e2tre, qui aurait pu n\u2019\u00eatre que technique, hagiographique ou complaisant, et qui se r\u00e9v\u00e8le \u00eatre au contraire d\u2019une belle int\u00e9grit\u00e9 et d\u2019une grande humilit\u00e9 : d\u2019abord on y devine en creux le fonctionnement interne, libre et polyphonique du collectif qui anime ce comit\u00e9 de lecture, fid\u00e8le en cela \u00e0 l\u2019insatiable curiosit\u00e9 et acuit\u00e9 de ses membres fondateurs tels que Jean-Jacques Lerrant et Ren\u00e9 Gachet, en particulier. On y per\u00e7oit ensuite, sans fard, la complexit\u00e9 des d\u00e9cisions \u00e0 prendre quant au choix final des \u0153uvres in\u00e9dites \u00e0 promouvoir. Mais n\u2019en est-il pas de m\u00eame pour nombre d\u2019autres comit\u00e9s de lecture, comme cela est d\u2019ailleurs signal\u00e9 d\u00e8s les premi\u00e8res lignes ? Ce qui fait la diff\u00e9rence, c\u2019est, dans ce livre anniversaire, le soin m\u00e9ticuleux accord\u00e9 \u00e0 rendre compte des divergences d\u2019opinions et de leurs fondements, des questionnements \u00e0 l\u2019infini sur \u00ab ce qu\u2019est le th\u00e9\u00e2tre \u00bb, \u00ab ce qu\u2019il a \u00e9t\u00e9 \u00bb, \u00ab ce qu\u2019il pourrait \u00eatre \u00bb, ou sur le \u00abpourquoi \u00e9crit-on \u00bb et \u00ab pourquoi du th\u00e9\u00e2tre en particulier\u00bb (enqu\u00eate aupr\u00e8s des auteurs et des autrices), ainsi que sur la question complexe de la n\u00e9cessit\u00e9 ou non de l\u2019\u00e9dition des manuscrits, le tout enrichi de surcro\u00eet de r\u00e9flexions et de citations bienvenues et pertinentes. T\u00e2che ardue et risqu\u00e9e, comme a d\u00fb l\u2019\u00eatre l\u2019incroyable travail de Bernadette Bost pour exhumer les textes et les auteurs et autrices prim\u00e9s depuis trente ans dans un vaste panorama historique et th\u00e9matique qu\u2019elle n\u2019h\u00e9site pas \u00e0 colorer de ses r\u00e9flexions personnelles. Ne serait-ce que pour cela, il y a d\u00e9j\u00e0 quelque chose de tr\u00e8s \u00e9mouvant dans ce recensement de la (bio)diversit\u00e9 de ces \u00e9tranges \u00e9lectrons libres, prot\u00e9iformes et d\u00e9routants, que sont les auteurs et les autrices de th\u00e9\u00e2tre. [\u2026]<\/p>\n\n\n\n<figure class=\"wp-block-image size-large\"><a href=\"https:\/\/i0.wp.com\/www.auteursdetheatre.org\/wp-content\/uploads\/2020\/10\/scan0008.jpg?ssl=1\"><img data-attachment-id=\"940\" data-permalink=\"https:\/\/auteursdetheatre.org\/?attachment_id=940\" data-orig-file=\"https:\/\/i0.wp.com\/auteursdetheatre.org\/wp-content\/uploads\/2020\/10\/scan0008.jpg?fit=723%2C1024&amp;ssl=1\" data-orig-size=\"723,1024\" data-comments-opened=\"0\" data-image-meta=\"{&quot;aperture&quot;:&quot;0&quot;,&quot;credit&quot;:&quot;Picasa&quot;,&quot;camera&quot;:&quot;Perfection1640&quot;,&quot;caption&quot;:&quot;mascarille.com&quot;,&quot;created_timestamp&quot;:&quot;1602249964&quot;,&quot;copyright&quot;:&quot;Emile ZEIZIG&quot;,&quot;focal_length&quot;:&quot;0&quot;,&quot;iso&quot;:&quot;0&quot;,&quot;shutter_speed&quot;:&quot;0&quot;,&quot;title&quot;:&quot;mascarille.com&quot;,&quot;orientation&quot;:&quot;0&quot;}\" data-image-title=\"mascarille.com\" data-image-description=\"\" data-image-caption=\"&lt;p&gt;mascarille.com&lt;\/p&gt;\n\" data-medium-file=\"https:\/\/i0.wp.com\/auteursdetheatre.org\/wp-content\/uploads\/2020\/10\/scan0008.jpg?fit=212%2C300&amp;ssl=1\" data-large-file=\"https:\/\/i0.wp.com\/auteursdetheatre.org\/wp-content\/uploads\/2020\/10\/scan0008.jpg?fit=723%2C1024&amp;ssl=1\" decoding=\"async\" loading=\"lazy\" width=\"723\" height=\"1024\" src=\"https:\/\/i0.wp.com\/www.auteursdetheatre.org\/wp-content\/uploads\/2020\/10\/scan0008.jpg?resize=723%2C1024&#038;ssl=1\" alt=\"\" class=\"wp-image-940\" data-recalc-dims=\"1\"\/><\/a><\/figure>\n\n\n\n<p>Pour la r\u00e9alisation de cet ouvrage, nous remercions sp\u00e9cialement la <a rel=\"noreferrer noopener\" href=\"http:\/\/www.fondation-janmichalski.com\/\" target=\"_blank\">Fondation Jan Michalski pour l\u2019\u00e9criture et la litt\u00e9rature<\/a> et le <a href=\"https:\/\/centrenationaldulivre.fr\/\">Centre National du Livre.<\/a><\/p>\n\n\n\n<p>Ouvrage disponible dans toutes les bonnes librairies \u00e0 partir du 29\/10\/2020 ISBN : 978-2-84260-844-6 &#8211; EAN13 9782842608446<\/p>\n","protected":false},"excerpt":{"rendered":"<p>Les Journ\u00e9es de Lyon des Auteurs de Th\u00e9\u00e2tre d\u00e9cryptent les \u00e9critures contemporaines Pr\u00e9face de Jean-Yves Picq : Une certaine \u00e9motion, un peu inattendue, nous gagne quand on referme cet ouvrage sur les trente ans des Journ\u00e9es de Lyon des Auteurs de Th\u00e9\u00e2tre, qui aurait pu n\u2019\u00eatre que technique, hagiographique ou complaisant, et qui se r\u00e9v\u00e8le [&hellip;]<\/p>\n","protected":false},"author":4,"featured_media":0,"comment_status":"closed","ping_status":"open","sticky":false,"template":"","format":"standard","meta":{"_jetpack_newsletter_access":"","footnotes":""},"categories":[1],"tags":[],"jetpack_featured_media_url":"","jetpack_sharing_enabled":true,"jetpack_shortlink":"https:\/\/wp.me\/p9n5dd-f9","jetpack_likes_enabled":false,"jetpack-related-posts":[],"_links":{"self":[{"href":"https:\/\/auteursdetheatre.org\/index.php?rest_route=\/wp\/v2\/posts\/939"}],"collection":[{"href":"https:\/\/auteursdetheatre.org\/index.php?rest_route=\/wp\/v2\/posts"}],"about":[{"href":"https:\/\/auteursdetheatre.org\/index.php?rest_route=\/wp\/v2\/types\/post"}],"author":[{"embeddable":true,"href":"https:\/\/auteursdetheatre.org\/index.php?rest_route=\/wp\/v2\/users\/4"}],"replies":[{"embeddable":true,"href":"https:\/\/auteursdetheatre.org\/index.php?rest_route=%2Fwp%2Fv2%2Fcomments&post=939"}],"version-history":[{"count":2,"href":"https:\/\/auteursdetheatre.org\/index.php?rest_route=\/wp\/v2\/posts\/939\/revisions"}],"predecessor-version":[{"id":945,"href":"https:\/\/auteursdetheatre.org\/index.php?rest_route=\/wp\/v2\/posts\/939\/revisions\/945"}],"wp:attachment":[{"href":"https:\/\/auteursdetheatre.org\/index.php?rest_route=%2Fwp%2Fv2%2Fmedia&parent=939"}],"wp:term":[{"taxonomy":"category","embeddable":true,"href":"https:\/\/auteursdetheatre.org\/index.php?rest_route=%2Fwp%2Fv2%2Fcategories&post=939"},{"taxonomy":"post_tag","embeddable":true,"href":"https:\/\/auteursdetheatre.org\/index.php?rest_route=%2Fwp%2Fv2%2Ftags&post=939"}],"curies":[{"name":"wp","href":"https:\/\/api.w.org\/{rel}","templated":true}]}}